{"id":156218,"date":"2019-12-16T10:00:25","date_gmt":"2019-12-16T14:00:25","guid":{"rendered":"https:\/\/elluchador.info\/web\/?p=156218"},"modified":"2019-12-16T14:43:48","modified_gmt":"2019-12-16T18:43:48","slug":"padrino-lopez-presento-reforma-de-ley-de-la-fuerza-armada-a-la-anc","status":"publish","type":"post","link":"https:\/\/elluchador.info\/?p=156218","title":{"rendered":"Padrino L\u00f3pez presento reforma de ley de la Fuerza Armada a la ANC"},"content":{"rendered":"\n<p>El ministro de Defensa, Vladimir Padrino L\u00f3pez, entreg\u00f3 este domingo a la asamblea nacional constituyente una propuesta de reforma de la Ley Org\u00e1nica de la Fuerza Armada Nacional Bolivariana.<\/p>\n\n\n\n<p>L\u00f3pez explic\u00f3 que la propuesta tiene como prop\u00f3sito darle a la Ley Org\u00e1nica de la FANB rango constitucional e incorporar a la milicia.<\/p>\n\n\n\n<p>El mes pasado, durante una alocuci\u00f3n nacional, Maduro pidi\u00f3 reformar la ley para designar formalmente a los milicianos como militares.<\/p>\n\n\n\n<p>\u00abHe dado la orden para que el Ministerio de Defensa haga una reforma integral de la Ley Org\u00e1nica de la FANB, se presente ante la constituyente y se eleve su rango a constitucional\u00bb, dijo.<\/p>\n\n\n\n<p>Maduro tambi\u00e9n orden\u00f3 integrar a todos los milicianos a la Universidad Militar Bolivariana&nbsp; mediante la creaci\u00f3n de la Escuela Antiimperialista de Capacitaci\u00f3n de la Milicia y de Cuadros de la Revoluci\u00f3n.<\/p>\n\n\n\n<p>\u00abQue sea una escuela territorializada, con modalidad presencial y virtual, avalada con todos los programas de la Universidad Militar Bolivariana\u00bb, explic\u00f3.<\/p>\n\n\n\n<p><strong>El Nacional<\/strong><\/p>\n","protected":false},"excerpt":{"rendered":"<p>El ministro de Defensa, Vladimir Padrino L\u00f3pez, entreg\u00f3 este domingo a la asamblea nacional constituyente una propuesta de reforma de la Ley Org\u00e1nica de la Fuerza Armada Nacional Bolivariana. L\u00f3pez explic\u00f3 que la propuesta tiene como prop\u00f3sito darle a la Ley Org\u00e1nica de la FANB rango constitucional e incorporar a la milicia. El mes pasado, [&hellip;]<\/p>\n","protected":false},"author":2,"featured_media":87424,"comment_status":"closed","ping_status":"closed","sticky":false,"template":"","format":"standard","meta":{"footnotes":""},"categories":[5,9],"tags":[],"class_list":{"0":"post-156218","1":"post","2":"type-post","3":"status-publish","4":"format-standard","5":"has-post-thumbnail","7":"category-destacado","8":"category-nacionales"},"_links":{"self":[{"href":"https:\/\/elluchador.info\/index.php?rest_route=\/wp\/v2\/posts\/156218","targetHints":{"allow":["GET"]}}],"collection":[{"href":"https:\/\/elluchador.info\/index.php?rest_route=\/wp\/v2\/posts"}],"about":[{"href":"https:\/\/elluchador.info\/index.php?rest_route=\/wp\/v2\/types\/post"}],"author":[{"embeddable":true,"href":"https:\/\/elluchador.info\/index.php?rest_route=\/wp\/v2\/users\/2"}],"replies":[{"embeddable":true,"href":"https:\/\/elluchador.info\/index.php?rest_route=%2Fwp%2Fv2%2Fcomments&post=156218"}],"version-history":[{"count":2,"href":"https:\/\/elluchador.info\/index.php?rest_route=\/wp\/v2\/posts\/156218\/revisions"}],"predecessor-version":[{"id":156296,"href":"https:\/\/elluchador.info\/index.php?rest_route=\/wp\/v2\/posts\/156218\/revisions\/156296"}],"wp:featuredmedia":[{"embeddable":true,"href":"https:\/\/elluchador.info\/index.php?rest_route=\/wp\/v2\/media\/87424"}],"wp:attachment":[{"href":"https:\/\/elluchador.info\/index.php?rest_route=%2Fwp%2Fv2%2Fmedia&parent=156218"}],"wp:term":[{"taxonomy":"category","embeddable":true,"href":"https:\/\/elluchador.info\/index.php?rest_route=%2Fwp%2Fv2%2Fcategories&post=156218"},{"taxonomy":"post_tag","embeddable":true,"href":"https:\/\/elluchador.info\/index.php?rest_route=%2Fwp%2Fv2%2Ftags&post=156218"}],"curies":[{"name":"wp","href":"https:\/\/api.w.org\/{rel}","templated":true}]}}