{"id":156221,"date":"2019-12-16T09:43:49","date_gmt":"2019-12-16T13:43:49","guid":{"rendered":"https:\/\/elluchador.info\/web\/?p=156221"},"modified":"2019-12-16T09:35:05","modified_gmt":"2019-12-16T13:35:05","slug":"guaido-eso-es-una-novela-la-acusacion-de-liderar-una-operacion-terrorista","status":"publish","type":"post","link":"https:\/\/elluchador.info\/?p=156221","title":{"rendered":"Guaid\u00f3 : Eso es una novela la acusaci\u00f3n de liderar una operaci\u00f3n terrorista"},"content":{"rendered":"\n<p>El l\u00edder opositor venezolano, Juan Guaid\u00f3, calific\u00f3 este domingo de \u201cnovela\u201d la acusaci\u00f3n del Gobierno de Nicol\u00e1s Maduro de que lidera una operaci\u00f3n terrorista junto a su copartidario Leopoldo L\u00f3pez y asegur\u00f3 que en el Ejecutivo solo busca \u201cdistraer\u201d con ese se\u00f1alamiento.<\/p>\n\n\n\n<p>\u201cSalieron otra vez a distraer con la en\u00e9sima novela que venden este a\u00f1o desde (el palacio presidencial de) Miraflores\u201d, dijo Guaid\u00f3 a un grupo de periodistas al t\u00e9rmino de una sesi\u00f3n de la Asamblea Nacional (AN, Parlamento) realizada en el c\u00e9ntrico estado La Guaira.<\/p>\n\n\n\n<p>Este s\u00e1bado, el ministro de Informaci\u00f3n, Jorge Rodr\u00edguez, inform\u00f3 que los organismos de seguridad hab\u00edan desarticulado un plan terrorista encabezado por Leopoldo L\u00f3pez y que supuestamente pretend\u00eda atacar dos cuarteles militares y generar acciones violentas en seis estados.<\/p>\n\n\n\n<p>A juicio de Guaid\u00f3 la acusaci\u00f3n es una muestra de que la oposici\u00f3n est\u00e1 haciendo \u201calgo muy bien\u00bb en el dise\u00f1o de un programa de protestas de cara a 2020, as\u00ed como en la b\u00fasqueda de ayuda y recursos para paliar la crisis que vive el pa\u00eds.<\/p>\n\n\n\n<p>\u201cEs un cuento, una novela, nosotros estamos defendiendo nuestra Constituci\u00f3n, nuestro Estado de derecho\u201d, asegur\u00f3.<\/p>\n\n\n\n<p>Guaid\u00f3 adelant\u00f3 que los dos diputados opositores se\u00f1alados por el Gobierno de Maduro -Janet Fermin y Fernando Orozco- \u201cvan a seguir ejerciendo sus funciones como parlamentarios\u201d.<\/p>\n\n\n\n<p><strong>Seguimos en una tragedia<\/strong><\/p>\n\n\n\n<p>Este domingo 15 de diciembre se realiz\u00f3 una sesi\u00f3n especial de la Asamblea Nacional (AN) en el sector de Caraballeda, del estado La Guaira, en conmemoraci\u00f3n de los 20 a\u00f1os del deslave en la entidad de aquel 15 de diciembre de 1999.<\/p>\n\n\n\n<p>Adem\u00e1s se instal\u00f3 una Comisi\u00f3n Delegada que se encargar\u00e1 de las tareas correspondientes al Parlamento mientras este se encuentre en receso por la \u00e9poca navide\u00f1a y fin de a\u00f1o.<\/p>\n\n\n\n<p>El jefe del Parlamento, Juan Guaid\u00f3, manifest\u00f3 que \u201cestamos en una tragedia, una emergencia humanitaria compleja que ya en algunas regiones pasa a ser cat\u00e1strofe\u201d, tras 20 a\u00f1os del aniversario de la Constituci\u00f3n venezolana y del deslave en La Guaira.<\/p>\n\n\n\n<p>\u201cEl llamado socialismo del siglo XXI se redujo a una guerra contra los venezolanos. La cat\u00e1strofe es nacional y est\u00e1 claro que esto es s\u00f3lo equiparable a una guerra. Estamos frente a un Estado fallido\u201d, indic\u00f3.<\/p>\n\n\n\n<p>\u201cIntentan perseguirnos una y otra vez y no podr\u00e1n con nosotros, pero no van a poder porque sabemos que el alma de un pa\u00eds no se puede comprar. Aqu\u00ed estamos guaire\u00f1os, estamos defendiendo la Constituci\u00f3n\u201d, coment\u00f3 el Jefe de Estado.<\/p>\n\n\n\n<p><strong>Decreto para el 2020<\/strong><\/p>\n\n\n\n<p>Como el a\u00f1o del resurgimiento de la Rep\u00fablica, Guaid\u00f3 decret\u00f3 el l\u00edder de la oposici\u00f3n el 2020.<\/p>\n\n\n\n<p>\u201cVenezuela a pesar de estar herida, de estar maltratada; est\u00e1 viva y saldr\u00e1 adelante. Est\u00e1 viva, va a limpiarse el barro, va a limpiarse el lodo como lo hicimos hace 20 a\u00f1os y vamos a salir adelante. A 20 a\u00f1os de la tragedia; y desde la Guaira, estado Vargas, decreto el 2020 como el a\u00f1o del resurgimiento de la Rep\u00fablica\u201d, dijo.<\/p>\n\n\n\n<p>Desde la sesi\u00f3n de calle, envi\u00f3 un mensaje a los venezolanos a quienes les record\u00f3 que \u201cno est\u00e1n solos\u201d; y les pidi\u00f3 \u201cprepararse con fuerza\u201d para terminar de librar la lucha por Venezuela&nbsp;porque la misma depende de todos.<\/p>\n\n\n\n<p>A los funcionarios de la Fuerza Armada Nacional (Fanb) les volvi\u00f3 a recordar que \u201cla lealtad es a la Constituci\u00f3n, a la soberan\u00eda, al pueblo\u201d.<\/p>\n\n\n\n<p>\u201cYa basta de aguantar callados. El alma de un pa\u00eds no se puede comprar; aqu\u00ed hay una fuerza incontenible, que no es el agua como hace dos d\u00e9cadas; sino el pueblo. En vez de comprar conciencias, compren medicinas, vacunas\u201d, explic\u00f3.<\/p>\n\n\n\n<p>Anunci\u00f3 que para el pr\u00f3ximo martes 17 de diciembre realizar\u00e1n sesi\u00f3n extraordinaria en la Asamblea Nacional.<\/p>\n\n\n\n<p><strong>panorama.com<\/strong><\/p>\n","protected":false},"excerpt":{"rendered":"<p>El l\u00edder opositor venezolano, Juan Guaid\u00f3, calific\u00f3 este domingo de \u201cnovela\u201d la acusaci\u00f3n del Gobierno de Nicol\u00e1s Maduro de que lidera una operaci\u00f3n terrorista junto a su copartidario Leopoldo L\u00f3pez y asegur\u00f3 que en el Ejecutivo solo busca \u201cdistraer\u201d con ese se\u00f1alamiento. \u201cSalieron otra vez a distraer con la en\u00e9sima novela que venden este a\u00f1o [&hellip;]<\/p>\n","protected":false},"author":2,"featured_media":156222,"comment_status":"closed","ping_status":"closed","sticky":false,"template":"","format":"standard","meta":{"footnotes":""},"categories":[5,9],"tags":[],"class_list":{"0":"post-156221","1":"post","2":"type-post","3":"status-publish","4":"format-standard","5":"has-post-thumbnail","7":"category-destacado","8":"category-nacionales"},"_links":{"self":[{"href":"https:\/\/elluchador.info\/index.php?rest_route=\/wp\/v2\/posts\/156221","targetHints":{"allow":["GET"]}}],"collection":[{"href":"https:\/\/elluchador.info\/index.php?rest_route=\/wp\/v2\/posts"}],"about":[{"href":"https:\/\/elluchador.info\/index.php?rest_route=\/wp\/v2\/types\/post"}],"author":[{"embeddable":true,"href":"https:\/\/elluchador.info\/index.php?rest_route=\/wp\/v2\/users\/2"}],"replies":[{"embeddable":true,"href":"https:\/\/elluchador.info\/index.php?rest_route=%2Fwp%2Fv2%2Fcomments&post=156221"}],"version-history":[{"count":1,"href":"https:\/\/elluchador.info\/index.php?rest_route=\/wp\/v2\/posts\/156221\/revisions"}],"predecessor-version":[{"id":156223,"href":"https:\/\/elluchador.info\/index.php?rest_route=\/wp\/v2\/posts\/156221\/revisions\/156223"}],"wp:featuredmedia":[{"embeddable":true,"href":"https:\/\/elluchador.info\/index.php?rest_route=\/wp\/v2\/media\/156222"}],"wp:attachment":[{"href":"https:\/\/elluchador.info\/index.php?rest_route=%2Fwp%2Fv2%2Fmedia&parent=156221"}],"wp:term":[{"taxonomy":"category","embeddable":true,"href":"https:\/\/elluchador.info\/index.php?rest_route=%2Fwp%2Fv2%2Fcategories&post=156221"},{"taxonomy":"post_tag","embeddable":true,"href":"https:\/\/elluchador.info\/index.php?rest_route=%2Fwp%2Fv2%2Ftags&post=156221"}],"curies":[{"name":"wp","href":"https:\/\/api.w.org\/{rel}","templated":true}]}}