{"id":156438,"date":"2019-12-17T20:19:49","date_gmt":"2019-12-18T00:19:49","guid":{"rendered":"https:\/\/elluchador.info\/web\/?p=156438"},"modified":"2019-12-17T15:24:32","modified_gmt":"2019-12-17T19:24:32","slug":"argentina-anuncia-ley-de-emergencia-con-alza-de-impuestos","status":"publish","type":"post","link":"https:\/\/elluchador.info\/?p=156438","title":{"rendered":"Argentina anuncia ley de emergencia con alza de impuestos"},"content":{"rendered":"\n<p>&nbsp;El Gobierno de&nbsp;<strong>Argentina<\/strong>&nbsp;envi\u00f3 este martes al<strong>&nbsp;Congreso&nbsp;<\/strong>el proyecto de<strong>&nbsp;ley de emergencia p\u00fablica<\/strong>&nbsp;en el que propone&nbsp;<strong>aumentar impuestos a los bienes personales<\/strong>&nbsp;y a la&nbsp;<strong>compra de d\u00f3lares<\/strong>,<strong>&nbsp;incrementa los aranceles de exportaci\u00f3n agr\u00edcolas<\/strong>&nbsp;y&nbsp;<strong>congela las tarifas de servicios p\u00fablicos<\/strong>&nbsp;para aliviar a los sectores m\u00e1s vulnerables.<\/p>\n\n\n\n<p>El ministro de Econom\u00eda,<strong>&nbsp;Mart\u00edn Guzm\u00e1n<\/strong>, explic\u00f3 en una conferencia de prensa en el&nbsp;<strong>Palacio de Hacienda<\/strong>&nbsp;en&nbsp;<strong>Buenos Aires&nbsp;<\/strong>los lineamientos de la l<strong>ey de solidaridad social&nbsp;<\/strong>y&nbsp;<strong>reactivaci\u00f3n productiva<\/strong>&nbsp;en el marco de la emergencia p\u00fablica, a la consider\u00f3 como&nbsp;<strong>\u00abel primer paso para resolver la crisis econ\u00f3mica y social que est\u00e1 atravesando Argentina\u00bb.<\/strong><\/p>\n\n\n\n<p>En ese sentido, a\u00f1adi\u00f3 que en el proyecto se presentan&nbsp;<strong>\u00abuna serie de medidas que buscan mantener el equilibrio y proteger a los sectores que est\u00e1n en situaci\u00f3n de gran vulnerabilidad\u00bb<\/strong>, al tiempo que restablecen las \u00abcondiciones macroecon\u00f3micas que son<strong>&nbsp;necesarias&nbsp;<\/strong>para&nbsp;<strong>resolver todos los problemas<\/strong>\u00ab.<\/p>\n\n\n\n<p>El objetivo de&nbsp;<strong>Alberto Fern\u00e1ndez<\/strong>, quien asumi\u00f3 la Presidencia hace una semana, es superar el&nbsp;<strong>\u00abdescalabro econ\u00f3mico y social\u00bb&nbsp;<\/strong>actual para que&nbsp;<strong>\u00abla econom\u00eda deje de caer y Argentina se ponga de pie y pueda despegar\u00bb<\/strong>, precis\u00f3 el ministro.<\/p>\n\n\n\n<p>EFE<\/p>\n","protected":false},"excerpt":{"rendered":"<p>&nbsp;El Gobierno de&nbsp;Argentina&nbsp;envi\u00f3 este martes al&nbsp;Congreso&nbsp;el proyecto de&nbsp;ley de emergencia p\u00fablica&nbsp;en el que propone&nbsp;aumentar impuestos a los bienes personales&nbsp;y a la&nbsp;compra de d\u00f3lares,&nbsp;incrementa los aranceles de exportaci\u00f3n agr\u00edcolas&nbsp;y&nbsp;congela las tarifas de servicios p\u00fablicos&nbsp;para aliviar a los sectores m\u00e1s vulnerables. El ministro de Econom\u00eda,&nbsp;Mart\u00edn Guzm\u00e1n, explic\u00f3 en una conferencia de prensa en el&nbsp;Palacio de Hacienda&nbsp;en&nbsp;Buenos Aires&nbsp;los [&hellip;]<\/p>\n","protected":false},"author":2,"featured_media":156441,"comment_status":"closed","ping_status":"closed","sticky":false,"template":"","format":"standard","meta":{"footnotes":""},"categories":[6],"tags":[],"class_list":{"0":"post-156438","1":"post","2":"type-post","3":"status-publish","4":"format-standard","5":"has-post-thumbnail","7":"category-economia"},"_links":{"self":[{"href":"https:\/\/elluchador.info\/index.php?rest_route=\/wp\/v2\/posts\/156438","targetHints":{"allow":["GET"]}}],"collection":[{"href":"https:\/\/elluchador.info\/index.php?rest_route=\/wp\/v2\/posts"}],"about":[{"href":"https:\/\/elluchador.info\/index.php?rest_route=\/wp\/v2\/types\/post"}],"author":[{"embeddable":true,"href":"https:\/\/elluchador.info\/index.php?rest_route=\/wp\/v2\/users\/2"}],"replies":[{"embeddable":true,"href":"https:\/\/elluchador.info\/index.php?rest_route=%2Fwp%2Fv2%2Fcomments&post=156438"}],"version-history":[{"count":2,"href":"https:\/\/elluchador.info\/index.php?rest_route=\/wp\/v2\/posts\/156438\/revisions"}],"predecessor-version":[{"id":156446,"href":"https:\/\/elluchador.info\/index.php?rest_route=\/wp\/v2\/posts\/156438\/revisions\/156446"}],"wp:featuredmedia":[{"embeddable":true,"href":"https:\/\/elluchador.info\/index.php?rest_route=\/wp\/v2\/media\/156441"}],"wp:attachment":[{"href":"https:\/\/elluchador.info\/index.php?rest_route=%2Fwp%2Fv2%2Fmedia&parent=156438"}],"wp:term":[{"taxonomy":"category","embeddable":true,"href":"https:\/\/elluchador.info\/index.php?rest_route=%2Fwp%2Fv2%2Fcategories&post=156438"},{"taxonomy":"post_tag","embeddable":true,"href":"https:\/\/elluchador.info\/index.php?rest_route=%2Fwp%2Fv2%2Ftags&post=156438"}],"curies":[{"name":"wp","href":"https:\/\/api.w.org\/{rel}","templated":true}]}}