{"id":156480,"date":"2019-12-18T10:39:29","date_gmt":"2019-12-18T14:39:29","guid":{"rendered":"https:\/\/elluchador.info\/web\/?p=156480"},"modified":"2019-12-18T10:29:31","modified_gmt":"2019-12-18T14:29:31","slug":"bachelet-exige-respeto-a-los-derechos-ante-ano-electoral","status":"publish","type":"post","link":"https:\/\/elluchador.info\/?p=156480","title":{"rendered":"Bachelet exige respeto a los derechos ante a\u00f1o electoral"},"content":{"rendered":"\n<p>La Alta Comisionada de la ONU para los Derechos Humanos,<strong>&nbsp;<\/strong>Michelle<strong> <\/strong>Bachelet&nbsp;present\u00f3 una actualizaci\u00f3n oral del informe sobre Venezuela en el que afirm\u00f3 que el 2020 ser\u00e1 un a\u00f1o electoral y le preocupa las inhabilitaciones de varios diputados.<\/p>\n\n\n\n<blockquote class=\"wp-block-quote is-layout-flow wp-block-quote-is-layout-flow\"><p>\u00abEs crucial garantizar las libertades p\u00fablicas que son fundamentales para crear las condiciones necesarias para unas elecciones libres, imparciales, cre\u00edbles, transparentes y pac\u00edficas\u00bb.<\/p><\/blockquote>\n\n\n\n<p>La diplom\u00e1tica tambi\u00e9n mostr\u00f3 su preocupaci\u00f3n por los llamados por parte de autoridades para seguir armando a las milicias, y la presentaci\u00f3n ante la Asamblea Nacional Constituyente, de una propuesta de ley que fortalece e incorpora la milicia nacional a la Fuerza Armada Nacional Bolivariana.<\/p>\n\n\n\n<p>Destaco la excarcelaci\u00f3n en septiembre y octubre de 28 personas privadas de libertad por motivos pol\u00edticos e inst\u00f3 a las autoridades a liberar a todas las personas detenidas por motivos pol\u00edticos, incluyendo a militares.<\/p>\n\n\n\n<blockquote class=\"wp-block-quote is-layout-flow wp-block-quote-is-layout-flow\"><p>Reitero mi llamado para que se contin\u00fae dando cumplimiento a las opiniones del Grupo de Trabajo sobre la detenci\u00f3n arbitraria y, en consecuencia, se otorgue libertad plena al diputado Juan Requesen.<\/p><\/blockquote>\n\n\n\n<p><strong>unionradio.net<\/strong><\/p>\n","protected":false},"excerpt":{"rendered":"<p>La Alta Comisionada de la ONU para los Derechos Humanos,&nbsp;Michelle Bachelet&nbsp;present\u00f3 una actualizaci\u00f3n oral del informe sobre Venezuela en el que afirm\u00f3 que el 2020 ser\u00e1 un a\u00f1o electoral y le preocupa las inhabilitaciones de varios diputados. \u00abEs crucial garantizar las libertades p\u00fablicas que son fundamentales para crear las condiciones necesarias para unas elecciones libres, [&hellip;]<\/p>\n","protected":false},"author":2,"featured_media":156484,"comment_status":"closed","ping_status":"closed","sticky":false,"template":"","format":"standard","meta":{"footnotes":""},"categories":[5,8],"tags":[],"class_list":{"0":"post-156480","1":"post","2":"type-post","3":"status-publish","4":"format-standard","5":"has-post-thumbnail","7":"category-destacado","8":"category-internacionales"},"_links":{"self":[{"href":"https:\/\/elluchador.info\/index.php?rest_route=\/wp\/v2\/posts\/156480","targetHints":{"allow":["GET"]}}],"collection":[{"href":"https:\/\/elluchador.info\/index.php?rest_route=\/wp\/v2\/posts"}],"about":[{"href":"https:\/\/elluchador.info\/index.php?rest_route=\/wp\/v2\/types\/post"}],"author":[{"embeddable":true,"href":"https:\/\/elluchador.info\/index.php?rest_route=\/wp\/v2\/users\/2"}],"replies":[{"embeddable":true,"href":"https:\/\/elluchador.info\/index.php?rest_route=%2Fwp%2Fv2%2Fcomments&post=156480"}],"version-history":[{"count":1,"href":"https:\/\/elluchador.info\/index.php?rest_route=\/wp\/v2\/posts\/156480\/revisions"}],"predecessor-version":[{"id":156485,"href":"https:\/\/elluchador.info\/index.php?rest_route=\/wp\/v2\/posts\/156480\/revisions\/156485"}],"wp:featuredmedia":[{"embeddable":true,"href":"https:\/\/elluchador.info\/index.php?rest_route=\/wp\/v2\/media\/156484"}],"wp:attachment":[{"href":"https:\/\/elluchador.info\/index.php?rest_route=%2Fwp%2Fv2%2Fmedia&parent=156480"}],"wp:term":[{"taxonomy":"category","embeddable":true,"href":"https:\/\/elluchador.info\/index.php?rest_route=%2Fwp%2Fv2%2Fcategories&post=156480"},{"taxonomy":"post_tag","embeddable":true,"href":"https:\/\/elluchador.info\/index.php?rest_route=%2Fwp%2Fv2%2Ftags&post=156480"}],"curies":[{"name":"wp","href":"https:\/\/api.w.org\/{rel}","templated":true}]}}