{"id":156490,"date":"2019-12-18T11:09:53","date_gmt":"2019-12-18T15:09:53","guid":{"rendered":"https:\/\/elluchador.info\/web\/?p=156490"},"modified":"2019-12-18T10:58:58","modified_gmt":"2019-12-18T14:58:58","slug":"maduro-entrega-premio-libertador-al-pensamiento-critico-2019","status":"publish","type":"post","link":"https:\/\/elluchador.info\/?p=156490","title":{"rendered":"Maduro entrega  Premio Libertador al Pensamiento Cr\u00edtico 2019"},"content":{"rendered":"\n<p>El presidente de la Rep\u00fablica, Nicol\u00e1s Maduro,&nbsp;encabez\u00f3 este martes 17-D la entrega del 12\u00b0 Premio Libertador al Pensamiento Cr\u00edtico, que se realiza con motivo de la&nbsp; conmemoraci\u00f3n del bicentenario de la Ley Fundamental Colombia.<\/p>\n\n\n\n<p>En esta ocasi\u00f3n, el galard\u00f3n reposa sobre las manos del economista argentino Claudio Katz, autor del libro La Teor\u00eda de la Dependencia, cincuenta a\u00f1os despu\u00e9s.<\/p>\n\n\n\n<p>El texto, que result\u00f3 electo sobre otras 86 obras cr\u00edticas, representando un aporte significativo hacia la reinvenci\u00f3n de una teor\u00eda que ha cobrado preponderancia en las \u00faltimas dos d\u00e9cadas, de la mano de contribuciones que destacan la figura del soci\u00f3logo brasile\u00f1o Ruy Mauro Marini.<\/p>\n\n\n\n<p>En el acto de premiaci\u00f3n&nbsp;otorg\u00f3&nbsp;menciones honor\u00edficas a los autores Paula Klachko y Katu Arconada; Luis Britto Garc\u00eda y Pablo Guadarrama Gonz\u00e1lez.<\/p>\n\n\n\n<p>El galard\u00f3n, que se adjudica en el contexto de los 189 a\u00f1os de la desaparici\u00f3n f\u00edsica del Libertador Sim\u00f3n Bol\u00edvar, se concede al autor de la obra literaria m\u00e1s resaltante del a\u00f1o por sus aportes en defensa de la humanidad y la construcci\u00f3n de una sociedad con valores de justicia, libertad, igualdad y paz.<\/p>\n\n\n\n<p>La entrega del Premio Libertador al Pensamiento Cr\u00edtico se realiza en el sal\u00f3n Ayacucho del Palacio de Miraflores, ubicado en Caracas.<\/p>\n\n\n\n<p><strong>panorama.com<\/strong><\/p>\n","protected":false},"excerpt":{"rendered":"<p>El presidente de la Rep\u00fablica, Nicol\u00e1s Maduro,&nbsp;encabez\u00f3 este martes 17-D la entrega del 12\u00b0 Premio Libertador al Pensamiento Cr\u00edtico, que se realiza con motivo de la&nbsp; conmemoraci\u00f3n del bicentenario de la Ley Fundamental Colombia. En esta ocasi\u00f3n, el galard\u00f3n reposa sobre las manos del economista argentino Claudio Katz, autor del libro La Teor\u00eda de la [&hellip;]<\/p>\n","protected":false},"author":2,"featured_media":156491,"comment_status":"closed","ping_status":"closed","sticky":false,"template":"","format":"standard","meta":{"footnotes":""},"categories":[9],"tags":[],"class_list":{"0":"post-156490","1":"post","2":"type-post","3":"status-publish","4":"format-standard","5":"has-post-thumbnail","7":"category-nacionales"},"_links":{"self":[{"href":"https:\/\/elluchador.info\/index.php?rest_route=\/wp\/v2\/posts\/156490","targetHints":{"allow":["GET"]}}],"collection":[{"href":"https:\/\/elluchador.info\/index.php?rest_route=\/wp\/v2\/posts"}],"about":[{"href":"https:\/\/elluchador.info\/index.php?rest_route=\/wp\/v2\/types\/post"}],"author":[{"embeddable":true,"href":"https:\/\/elluchador.info\/index.php?rest_route=\/wp\/v2\/users\/2"}],"replies":[{"embeddable":true,"href":"https:\/\/elluchador.info\/index.php?rest_route=%2Fwp%2Fv2%2Fcomments&post=156490"}],"version-history":[{"count":1,"href":"https:\/\/elluchador.info\/index.php?rest_route=\/wp\/v2\/posts\/156490\/revisions"}],"predecessor-version":[{"id":156492,"href":"https:\/\/elluchador.info\/index.php?rest_route=\/wp\/v2\/posts\/156490\/revisions\/156492"}],"wp:featuredmedia":[{"embeddable":true,"href":"https:\/\/elluchador.info\/index.php?rest_route=\/wp\/v2\/media\/156491"}],"wp:attachment":[{"href":"https:\/\/elluchador.info\/index.php?rest_route=%2Fwp%2Fv2%2Fmedia&parent=156490"}],"wp:term":[{"taxonomy":"category","embeddable":true,"href":"https:\/\/elluchador.info\/index.php?rest_route=%2Fwp%2Fv2%2Fcategories&post=156490"},{"taxonomy":"post_tag","embeddable":true,"href":"https:\/\/elluchador.info\/index.php?rest_route=%2Fwp%2Fv2%2Ftags&post=156490"}],"curies":[{"name":"wp","href":"https:\/\/api.w.org\/{rel}","templated":true}]}}