{"id":156493,"date":"2019-12-18T11:27:23","date_gmt":"2019-12-18T15:27:23","guid":{"rendered":"https:\/\/elluchador.info\/web\/?p=156493"},"modified":"2019-12-18T11:17:00","modified_gmt":"2019-12-18T15:17:00","slug":"latinoamerica-busca-en-2020-un-fuerte-crecimiento","status":"publish","type":"post","link":"https:\/\/elluchador.info\/?p=156493","title":{"rendered":"Latinoam\u00e9rica busca en 2020 un  fuerte crecimiento"},"content":{"rendered":"\n<p>&nbsp;Tras un 2019 que en t\u00e9rminos de crecimiento ha ido de m\u00e1s a menos y va a terminar con la econom\u00eda estancada -el FMI calcula un alza del PIB 0,2 % y la Cepal del 0,1 %-, Am\u00e9rica Latina afronta el nuevo a\u00f1o con la esperanza de la recuperaci\u00f3n de su PIB, aunque los pron\u00f3sticos vaticinan que ser\u00e1 insuficiente para reducir la brecha con los pa\u00edses desarrollados.<\/p>\n\n\n\n<p>Estos son los principales retos para la regi\u00f3n en 2020:<\/p>\n\n\n\n<p>1. CAPEAR LA DESACELERACI\u00d3N<\/p>\n\n\n\n<p>Con Argentina todav\u00eda en recesi\u00f3n, la marcha del PIB regional en 2020, que seg\u00fan el FMI crecer\u00e1 el 1,8 %, depender\u00e1 de M\u00e9xico y Brasil. El primero viene de un frenazo ligado a la escasa inversi\u00f3n y las incertidumbres tras el triunfo de Manuel L\u00f3pez Obrador y el T-MEC, que pese al acuerdo de 2018 no se firm\u00f3 hasta de diciembre del a\u00f1o siguiente y a\u00fan debe ratificarse por los parlamentos de EEUU y Canad\u00e1.<\/p>\n\n\n\n<p>Brasil sali\u00f3 de la recesi\u00f3n en 2017 y no logra retomar su potencial de crecimiento, aunque medidas como la reforma de pensiones, las privatizaciones y liberalizaci\u00f3n de mercados mejorar\u00e1n su deuda e impulsar\u00e1n su econom\u00eda el pr\u00f3ximo a\u00f1o.<\/p>\n\n\n\n<p>2. GUERRA COMERCIAL<\/p>\n\n\n\n<p>El FMI cifr\u00f3 en octubre pasado los efectos de la guerra comercial: EEUU y China crecer\u00e1n en 2020 ocho d\u00e9cimas menos que en 2018 y arrastrar\u00e1n consigo al resto del mundo, incluida Latinoam\u00e9rica, que depende de los flujos internacionales y es muy sensible a la ca\u00edda de actividad de la econom\u00eda mundial y del gigante asi\u00e1tico, con el que cada vez tiene m\u00e1s lazos comerciales.<\/p>\n\n\n\n<p>Pese a que el acuerdo parcial de diciembre de 2019 ha dejado un buen sabor de boca en el final del a\u00f1o, la batalla arancelaria es impredecible y puede causar sobresaltos si se reactivan o anuncian nuevas medidas proteccionistas, como ha ocurrido con la intenci\u00f3n de Donald Trump de reimplantar las tasas al acero y al aluminio procedente de Argentina y Brasil.<\/p>\n\n\n\n<p>3. CONTESTACI\u00d3N SOCIAL<\/p>\n\n\n\n<p>Las protestas sociales que viven varios pa\u00edses del continente ponen de manifiesto que la pol\u00edtica econ\u00f3mica no ha sabido o podido extender los beneficios de la estabilidad macroecon\u00f3mica de los \u00faltimos a\u00f1os y crear sociedades m\u00e1s inclusivas y menos desiguales.<\/p>\n\n\n\n<p>La contestaci\u00f3n puede llevar a los gobiernos a replantearse reformas impopulares y existe riesgo de caer en la par\u00e1lisis ahora que la regi\u00f3n sale del habitual par\u00f3n econ\u00f3mico y legislativo de los procesos electorales. En 2019 Argentina y Bolivia han celebrado elecciones con cambio en el poder en ambos; y han estrenado gobierno Brasil, M\u00e9xico (Manuel L\u00f3pez Obrador tom\u00f3 posesi\u00f3n en diciembre de 2018) y, pr\u00e1cticamente, Colombia (Iv\u00e1n Duque accedi\u00f3 al cargo en agosto de 2018).<\/p>\n\n\n\n<p>4. DIVISAS<\/p>\n\n\n\n<p>La mayor percepci\u00f3n de riesgo debido a la incertidumbre y las protestas sociales han lastrado la cotizaci\u00f3n de las monedas locales, que han acelerado su depreciaci\u00f3n y, en casos como el de Chile, ha sido necesaria la intervenci\u00f3n en el mercado del Banco Central para combatir su ca\u00edda.<\/p>\n\n\n\n<p>Sin embargo, excepto en el caso de Argentina, la inflaci\u00f3n est\u00e1 bajo control, lo que deja margen para usar la pol\u00edtica monetaria en favor del crecimiento econ\u00f3mico, y las tres rebajas de tipos de inter\u00e9s de la Reserva Federal estadounidense (Fed) durante 2019, sumadas a la continuidad en la zona euro (las tasas del BCE est\u00e1n en el 0 % desde 2016) pueden ayudar a hacer m\u00e1s atractivas para los inversores las divisas latinoamericanas.<\/p>\n\n\n\n<p>5. EXPORTACIONES<\/p>\n\n\n\n<p>Las econom\u00edas de Am\u00e9rica Latina presentan un alto grado de apertura al exterior. El menor crecimiento mundial de 2019 ha afectado a la demanda y ha hecho mella en las exportaciones de Latinoam\u00e9rica, que seg\u00fan las \u00faltimas previsiones de la Cepal caer\u00e1n el 2 %, lo que contrasta con el alza del 8,3 % registrada en 2018.<\/p>\n\n\n\n<p>La esperada mejora econ\u00f3mica de 2020 no garantiza un alivio autom\u00e1tico de la situaci\u00f3n, ya que el mal comportamiento de las exportaciones hasta ahora se explica por la ca\u00edda de su valor y no por el volumen exportado.<\/p>\n\n\n\n<p>6. MATERIAS PRIMAS<\/p>\n\n\n\n<p>Precisamente una de las principales v\u00edas de ingresos de Am\u00e9rica Latina procedentes del exterior son las materias primas que vende en a terceros, como el cobre, los hidrocarburos o los productos agr\u00edcolas.<\/p>\n\n\n\n<p>Tras un 2019 peor de lo esperado (el \u00edndice de precios de las materias primas del FMI cay\u00f3 entre febrero y agosto de 2019 un 5,5 %), las previsiones de los organismos econ\u00f3micos apuntan a que en 2020 los bajos precios continuar\u00e1n debido a la menor demanda esperada por el bajo crecimiento global.<\/p>\n\n\n\n<p>7. CUENTAS P\u00daBLICAS<\/p>\n\n\n\n<p>Los d\u00e9ficit p\u00fablicos de pr\u00e1cticamente todos los pa\u00edses de Am\u00e9rica Latina dejan sin margen a los gobiernos para actuar y la pol\u00edtica fiscal durante el pr\u00f3ximo a\u00f1o se centrar\u00e1 m\u00e1s en mantener las cuentas p\u00fablicas bajo control que en apoyar el crecimiento.<\/p>\n\n\n\n<p>Las deudas p\u00fablicas de la regi\u00f3n no suponen un riesgo elevado salvo en Argentina, que tras el desplome del peso y la dificultad para captar fondos en los mercados por parte del pa\u00eds tuvo que reprogramar el calendario de pagos de su deuda.<\/p>\n\n\n\n<p>8. INVERSI\u00d3N<\/p>\n\n\n\n<p>Ante la dificultad presupuestaria para acometer grandes planes de inversi\u00f3n p\u00fablicos, los pa\u00edses tendr\u00e1n que ser capaces de generar confianza para atraer al sector privado, tanto nacional como internacional, para que realice inversiones.<\/p>\n\n\n\n<p>La colaboraci\u00f3n p\u00fablico-privada se va a imponer en 2020 y es posible que a lo largo del a\u00f1o se reproduzcan en otros pa\u00edses planes como el anunciado en noviembre pasado en M\u00e9xico, que pretende movilizar unos 40.000 millones de d\u00f3lares en 147 proyectos de infraestructuras.<\/p>\n\n\n\n<p>9. PRODUCTIVIDAD<\/p>\n\n\n\n<p>Los pa\u00edses latinoamericanos tienen un problema hist\u00f3rico de productividad y la regi\u00f3n no avanza en este aspecto. Seg\u00fan un estudio del Banco de Desarrollo regional CAF, en 2017 los ingresos per c\u00e1pita del grupo de pa\u00edses m\u00e1s avanzados de la regi\u00f3n representaban entre el 20 % y el 40 % del de EEUU, cifras que apenas han variado en d\u00e9cadas.<\/p>\n\n\n\n<p>Mejorar la productividad es garant\u00eda de un mayor crecimiento. Los gobiernos tienen que mejorar las regulaciones sectoriales de forma que garanticen la competencia, fomentar una asignaci\u00f3n eficiente de los recursos y luchar contra la econom\u00eda informal, que afecta a todos los sectores productivos.<\/p>\n\n\n\n<p>10. MIRANDO AL MEDIO PLAZO<\/p>\n\n\n\n<p>Es habitual que en la lista de recomendaciones para la regi\u00f3n de los organismos econ\u00f3micos Latinoam\u00e9rica figuren desde hace a\u00f1os una serie de cuestiones en las que trabajar a medio y largo plazo para explotar todo el potencial que tienen los pa\u00edses.<\/p>\n\n\n\n<p>Las inversiones en los sistemas educativos e infraestructuras, la incorporaci\u00f3n de las nuevas tecnolog\u00edas y la innovaci\u00f3n a la escuela y la empresa o la configuraci\u00f3n de instituciones p\u00fablicas fuertes y respetadas son esenciales para lograr un crecimiento saludable, aunque su rentabilidad no ser\u00e1 visible de forma inmediata.<\/p>\n\n\n\n<p><strong>unionradio.net<\/strong><\/p>\n","protected":false},"excerpt":{"rendered":"<p>&nbsp;Tras un 2019 que en t\u00e9rminos de crecimiento ha ido de m\u00e1s a menos y va a terminar con la econom\u00eda estancada -el FMI calcula un alza del PIB 0,2 % y la Cepal del 0,1 %-, Am\u00e9rica Latina afronta el nuevo a\u00f1o con la esperanza de la recuperaci\u00f3n de su PIB, aunque los pron\u00f3sticos [&hellip;]<\/p>\n","protected":false},"author":2,"featured_media":156494,"comment_status":"closed","ping_status":"closed","sticky":false,"template":"","format":"standard","meta":{"footnotes":""},"categories":[6],"tags":[],"class_list":{"0":"post-156493","1":"post","2":"type-post","3":"status-publish","4":"format-standard","5":"has-post-thumbnail","7":"category-economia"},"_links":{"self":[{"href":"https:\/\/elluchador.info\/index.php?rest_route=\/wp\/v2\/posts\/156493","targetHints":{"allow":["GET"]}}],"collection":[{"href":"https:\/\/elluchador.info\/index.php?rest_route=\/wp\/v2\/posts"}],"about":[{"href":"https:\/\/elluchador.info\/index.php?rest_route=\/wp\/v2\/types\/post"}],"author":[{"embeddable":true,"href":"https:\/\/elluchador.info\/index.php?rest_route=\/wp\/v2\/users\/2"}],"replies":[{"embeddable":true,"href":"https:\/\/elluchador.info\/index.php?rest_route=%2Fwp%2Fv2%2Fcomments&post=156493"}],"version-history":[{"count":1,"href":"https:\/\/elluchador.info\/index.php?rest_route=\/wp\/v2\/posts\/156493\/revisions"}],"predecessor-version":[{"id":156495,"href":"https:\/\/elluchador.info\/index.php?rest_route=\/wp\/v2\/posts\/156493\/revisions\/156495"}],"wp:featuredmedia":[{"embeddable":true,"href":"https:\/\/elluchador.info\/index.php?rest_route=\/wp\/v2\/media\/156494"}],"wp:attachment":[{"href":"https:\/\/elluchador.info\/index.php?rest_route=%2Fwp%2Fv2%2Fmedia&parent=156493"}],"wp:term":[{"taxonomy":"category","embeddable":true,"href":"https:\/\/elluchador.info\/index.php?rest_route=%2Fwp%2Fv2%2Fcategories&post=156493"},{"taxonomy":"post_tag","embeddable":true,"href":"https:\/\/elluchador.info\/index.php?rest_route=%2Fwp%2Fv2%2Ftags&post=156493"}],"curies":[{"name":"wp","href":"https:\/\/api.w.org\/{rel}","templated":true}]}}