{"id":156496,"date":"2019-12-18T12:14:58","date_gmt":"2019-12-18T16:14:58","guid":{"rendered":"https:\/\/elluchador.info\/web\/?p=156496"},"modified":"2019-12-18T12:04:37","modified_gmt":"2019-12-18T16:04:37","slug":"bachelet-preocupada-por-violencia-en-venezuela","status":"publish","type":"post","link":"https:\/\/elluchador.info\/?p=156496","title":{"rendered":"Bachelet preocupada por violencia en Venezuela"},"content":{"rendered":"\n<p>La Alta Comisionada de las Naciones Unidas&nbsp;para los Derechos Humanos, Michelle Bachelet, pidi\u00f3 este mi\u00e9rcoles 18-D al Gobierno y oposici\u00f3n venezolanos que reanuden las negociaciones para encontrar una soluci\u00f3n a la crisis que merma de manera preocupante los derechos de la poblaci\u00f3n.<\/p>\n\n\n\n<p>\u00abReitero mi llamada a todas y todos actores pol\u00edticos en Venezuela a retomar las negociaciones para alcanzar una soluci\u00f3n a la crisis pol\u00edtica y econ\u00f3mica y devolver la esperanza a la poblaci\u00f3n\u00bb, dijo Bachelet ante el Consejo de Derechos Humanos en Ginebra.<\/p>\n\n\n\n<p>La Alta Comisionada tambi\u00e9n traz\u00f3 una preocupante fotograf\u00eda del pa\u00eds, enumerando diferentes actos de violencia e intimidaci\u00f3n, la desnutrici\u00f3n infantil o los actos de milicias armadas y las ejecuciones extrajudiciales, un panorama que fue refutado por el representante venezolano Jorge Valero, quien consider\u00f3 que la presentaci\u00f3n de Bachelet se basaba en \u00abinformaci\u00f3n sesgada\u00bb y \u00abcarente de balance\u00bb.<\/p>\n\n\n\n<p>\u00abEsta presentaci\u00f3n oral de la Alta Comisionada carece del balance necesario, presenta fallas metodol\u00f3gicas y usa informaci\u00f3n sesgada que alimenta la campa\u00f1a medi\u00e1tica contra Venezuela\u00bb, dijo.<\/p>\n\n\n\n<p><strong>\u00abMe preocupa levantamiento de la inmunidad de&nbsp;diputados\u00bb<\/strong><\/p>\n\n\n\n<p>De cara a los comicios legislativos programados para 2020, la expresidenta&nbsp;socialista chilena sostuvo que \u00abes crucial garantizar las libertades p\u00fablicas que son fundamentales para crear las condiciones necesarias para unas elecciones libres, imparciales, cre\u00edbles, transparentes y pac\u00edficas\u00bb.<\/p>\n\n\n\n<p>\u00abEn este sentido me preocupan el levantamiento de la inmunidad de cinco diputados de la oposici\u00f3n, elevando el total a 30 diputados de la oposici\u00f3n despojados de inmunidad, as\u00ed como los actos de hostigamiento contra representantes de la oposici\u00f3n\u00bb, dijo.<\/p>\n\n\n\n<p>Tambi\u00e9n sostuvo que su oficina ha \u00abdocumentado 118 casos de personas privadas de libertad, que requieren de una respuesta urgente por motivos de salud, retrasos judiciales, falta de ejecuci\u00f3n de boletas judiciales de excarcelaci\u00f3n y\/o falta de excarcelaci\u00f3n por cumplimiento de pena\u00bb.<\/p>\n\n\n\n<p>\u00abReitero mi llamado para que se contin\u00fae dando cumplimiento a las opiniones del Grupo de Trabajo sobre la detenci\u00f3n arbitraria y, en consecuencia, se otorgue libertad plena al diputado Juan Requesens\u00bb, afirm\u00f3 Bachelet.<\/p>\n\n\n\n<p>Por otro lado Bachelet enumer\u00f3 algunos datos de la situaci\u00f3n econ\u00f3mica, entre ellos la previsi\u00f3n de la Cepal&nbsp; sobre una ca\u00edda del Producto Interno Bruto superior al 25% en 2019.<\/p>\n\n\n\n<p>En su extenso informe, Bachelet tambi\u00e9n abord\u00f3 la tasa de homicidios (m\u00e1s de 60 casos cada 100.000 habitantes entre enero y noviembre, una de las m\u00e1s altas del planeta, seg\u00fan una ONG venezolana).<\/p>\n\n\n\n<p>La crisis &#8211;prosigui\u00f3 Bachelet&#8211; llev\u00f3 a salir del pa\u00eds a 4,7 millones de personas y se proyecta que las cifras del \u00e9xodo lleguen a 6,5 millones a fines de 2020.<\/p>\n\n\n\n<p><strong>Armas para la milicia<\/strong><\/p>\n\n\n\n<p>Bachelet dijo que el retorno a una situaci\u00f3n de respeto de los derechos y libertades es m\u00e1s importante que nunca, ya que 2020 ser\u00e1 un a\u00f1o electoral.<\/p>\n\n\n\n<p>Est\u00e1 previsto que los venezolanos acudan a las urnas el 6 de diciembre pr\u00f3ximo para elegir a los miembros de la Asamblea Nacional, donde la oposici\u00f3n tiene actualmente mayor\u00eda y que est\u00e1 presidida por Juan Guaid\u00f3, quien el pasado abril lider\u00f3 un conato de levantamiento militar.<\/p>\n\n\n\n<p>La diplom\u00e1tica tambi\u00e9n mostr\u00f3 su preocupaci\u00f3n por los llamados por parte de autoridades para seguir armando a las milicias, y la presentaci\u00f3n ante la oficialista Asamblea Nacional Constituyente\u00a0de una propuesta de ley que fortalece e incorpora la milicia nacional a la Fuerza Armada Nacional Bolivariana.<\/p>\n\n\n\n<p><strong>Valero ratifica garant\u00eda de respeto a Dd hh en Venezuela<\/strong><\/p>\n\n\n\n<p>El representante permanente de Venezuela ante la ONU en Ginebra,&nbsp;Jorge Valero,&nbsp;critic\u00f3 la convocatoria de la ONU a una reuni\u00f3n para hablar del pa\u00eds y que se est\u00e9n &#8216;malgastando&#8217;&nbsp;los recursos de este \u00f3rgano.<\/p>\n\n\n\n<p>Seg\u00fan el diplom\u00e1tico, el seguimiento de la situaci\u00f3n de derechos humanos en Venezuela le est\u00e1 costando hasta el momento 2,5 millones de d\u00f3lares a la ONU.<\/p>\n\n\n\n<p>Ratific\u00f3 que en el pa\u00eds hay \u00abpleno respeto de derechos humanos\u00bb e indic\u00f3 que en&nbsp;los pr\u00f3ximos d\u00edas dar\u00e1n una respuesta m\u00e1s detallada al informe presentado por la Alta Comisionada de la ONU, Michelle Bachelet.<\/p>\n\n\n\n<p>Valero&nbsp;denunci\u00f3 los efectos negativos de las sanciones econ\u00f3micas contra Venezuela y reproch\u00f3 que hayan integrantes del Consejo que las apoyen esta acciones.<\/p>\n","protected":false},"excerpt":{"rendered":"<p>La Alta Comisionada de las Naciones Unidas&nbsp;para los Derechos Humanos, Michelle Bachelet, pidi\u00f3 este mi\u00e9rcoles 18-D al Gobierno y oposici\u00f3n venezolanos que reanuden las negociaciones para encontrar una soluci\u00f3n a la crisis que merma de manera preocupante los derechos de la poblaci\u00f3n. \u00abReitero mi llamada a todas y todos actores pol\u00edticos en Venezuela a retomar [&hellip;]<\/p>\n","protected":false},"author":2,"featured_media":156497,"comment_status":"closed","ping_status":"closed","sticky":false,"template":"","format":"standard","meta":{"footnotes":""},"categories":[8],"tags":[],"class_list":{"0":"post-156496","1":"post","2":"type-post","3":"status-publish","4":"format-standard","5":"has-post-thumbnail","7":"category-internacionales"},"_links":{"self":[{"href":"https:\/\/elluchador.info\/index.php?rest_route=\/wp\/v2\/posts\/156496","targetHints":{"allow":["GET"]}}],"collection":[{"href":"https:\/\/elluchador.info\/index.php?rest_route=\/wp\/v2\/posts"}],"about":[{"href":"https:\/\/elluchador.info\/index.php?rest_route=\/wp\/v2\/types\/post"}],"author":[{"embeddable":true,"href":"https:\/\/elluchador.info\/index.php?rest_route=\/wp\/v2\/users\/2"}],"replies":[{"embeddable":true,"href":"https:\/\/elluchador.info\/index.php?rest_route=%2Fwp%2Fv2%2Fcomments&post=156496"}],"version-history":[{"count":1,"href":"https:\/\/elluchador.info\/index.php?rest_route=\/wp\/v2\/posts\/156496\/revisions"}],"predecessor-version":[{"id":156498,"href":"https:\/\/elluchador.info\/index.php?rest_route=\/wp\/v2\/posts\/156496\/revisions\/156498"}],"wp:featuredmedia":[{"embeddable":true,"href":"https:\/\/elluchador.info\/index.php?rest_route=\/wp\/v2\/media\/156497"}],"wp:attachment":[{"href":"https:\/\/elluchador.info\/index.php?rest_route=%2Fwp%2Fv2%2Fmedia&parent=156496"}],"wp:term":[{"taxonomy":"category","embeddable":true,"href":"https:\/\/elluchador.info\/index.php?rest_route=%2Fwp%2Fv2%2Fcategories&post=156496"},{"taxonomy":"post_tag","embeddable":true,"href":"https:\/\/elluchador.info\/index.php?rest_route=%2Fwp%2Fv2%2Ftags&post=156496"}],"curies":[{"name":"wp","href":"https:\/\/api.w.org\/{rel}","templated":true}]}}