{"id":156581,"date":"2019-12-19T10:17:32","date_gmt":"2019-12-19T14:17:32","guid":{"rendered":"https:\/\/elluchador.info\/web\/?p=156581"},"modified":"2019-12-19T10:07:35","modified_gmt":"2019-12-19T14:07:35","slug":"gnb-aprehendio-a-sujeto-con-arma-de-fuego-en-san-felix","status":"publish","type":"post","link":"https:\/\/elluchador.info\/?p=156581","title":{"rendered":"GNB aprehendi\u00f3 a sujeto con arma de fuego en San F\u00e9lix"},"content":{"rendered":"\n<p>El Comandante de la Zona N\u00b0 62 G\/B Adolfo Rodr\u00edguez Cepeda inform\u00f3 la\ndetenci\u00f3n de un ciudadano en el sector Vista Alegre de la poblaci\u00f3n de San\nF\u00e9lix con un arma de fuego no industrializada.<\/p>\n\n\n\n<p>El General Rodr\u00edguez Cepeda resalt\u00f3 que el detenido fue identificado\ncomo Yohan Jos\u00e9 Maican Rodr\u00edguez (22), quien fue capturado por militares,\nadscritos al Destacamento de Seguridad Urbana portando el facs\u00edmil de revolver.<\/p>\n\n\n\n<p>Mencion\u00f3 que fue notificada la Fiscal\u00eda del Ministerio P\u00fablico de guardia sobre dicho procedimiento.<\/p>\n\n\n\n<figure class=\"wp-block-image\"><img loading=\"lazy\" decoding=\"async\" width=\"768\" height=\"1024\" src=\"https:\/\/elluchador.info\/web\/wp-content\/uploads\/2019\/12\/sucesos-gnb-1-768x1024.jpg\" alt=\"\" class=\"wp-image-156584\" srcset=\"https:\/\/elluchador.info\/wp-content\/uploads\/2019\/12\/sucesos-gnb-1.jpg 768w, https:\/\/elluchador.info\/wp-content\/uploads\/2019\/12\/sucesos-gnb-1-225x300.jpg 225w\" sizes=\"auto, (max-width: 768px) 100vw, 768px\" \/><\/figure>\n\n\n\n<p>Procedimiento de resguardo minero<\/p>\n\n\n\n<p>De igual forma el Comandante de la Zona N\u00b0 62 G\/B Rodr\u00edguez Cepeda\ninform\u00f3 que efectivos, adscritos al Destacamento 624 retuvieron al ciudadano\nEloy Alcover (39) con 200 sacos vac\u00edos, un par de martillos para molino, cuatro\nbarras de hierro (papelones) y una bombona de ox\u00edgeno de 60kg.<\/p>\n\n\n\n<p>El General Rodr\u00edguez Cepeda indic\u00f3 que fue notificada la Fiscal\u00eda 12 del Ministerio P\u00fablico por contravenci\u00f3n al art\u00edculo 49 del Reglamento General de Minas. <\/p>\n\n\n\n<p><strong>Prensa CZ N\u00b062 Bol\u00edvar<\/strong><\/p>\n","protected":false},"excerpt":{"rendered":"<p>El Comandante de la Zona N\u00b0 62 G\/B Adolfo Rodr\u00edguez Cepeda inform\u00f3 la detenci\u00f3n de un ciudadano en el sector Vista Alegre de la poblaci\u00f3n de San F\u00e9lix con un arma de fuego no industrializada. El General Rodr\u00edguez Cepeda resalt\u00f3 que el detenido fue identificado como Yohan Jos\u00e9 Maican Rodr\u00edguez (22), quien fue capturado por [&hellip;]<\/p>\n","protected":false},"author":2,"featured_media":156585,"comment_status":"closed","ping_status":"closed","sticky":false,"template":"","format":"standard","meta":{"footnotes":""},"categories":[5,13],"tags":[],"class_list":{"0":"post-156581","1":"post","2":"type-post","3":"status-publish","4":"format-standard","5":"has-post-thumbnail","7":"category-destacado","8":"category-sucesos"},"_links":{"self":[{"href":"https:\/\/elluchador.info\/index.php?rest_route=\/wp\/v2\/posts\/156581","targetHints":{"allow":["GET"]}}],"collection":[{"href":"https:\/\/elluchador.info\/index.php?rest_route=\/wp\/v2\/posts"}],"about":[{"href":"https:\/\/elluchador.info\/index.php?rest_route=\/wp\/v2\/types\/post"}],"author":[{"embeddable":true,"href":"https:\/\/elluchador.info\/index.php?rest_route=\/wp\/v2\/users\/2"}],"replies":[{"embeddable":true,"href":"https:\/\/elluchador.info\/index.php?rest_route=%2Fwp%2Fv2%2Fcomments&post=156581"}],"version-history":[{"count":1,"href":"https:\/\/elluchador.info\/index.php?rest_route=\/wp\/v2\/posts\/156581\/revisions"}],"predecessor-version":[{"id":156587,"href":"https:\/\/elluchador.info\/index.php?rest_route=\/wp\/v2\/posts\/156581\/revisions\/156587"}],"wp:featuredmedia":[{"embeddable":true,"href":"https:\/\/elluchador.info\/index.php?rest_route=\/wp\/v2\/media\/156585"}],"wp:attachment":[{"href":"https:\/\/elluchador.info\/index.php?rest_route=%2Fwp%2Fv2%2Fmedia&parent=156581"}],"wp:term":[{"taxonomy":"category","embeddable":true,"href":"https:\/\/elluchador.info\/index.php?rest_route=%2Fwp%2Fv2%2Fcategories&post=156581"},{"taxonomy":"post_tag","embeddable":true,"href":"https:\/\/elluchador.info\/index.php?rest_route=%2Fwp%2Fv2%2Ftags&post=156581"}],"curies":[{"name":"wp","href":"https:\/\/api.w.org\/{rel}","templated":true}]}}