{"id":156589,"date":"2019-12-19T10:27:20","date_gmt":"2019-12-19T14:27:20","guid":{"rendered":"https:\/\/elluchador.info\/web\/?p=156589"},"modified":"2019-12-19T10:17:45","modified_gmt":"2019-12-19T14:17:45","slug":"privada-de-libertad-ex-fiscal-11a-por-omitir-accion-en-caso","status":"publish","type":"post","link":"https:\/\/elluchador.info\/?p=156589","title":{"rendered":"Privada de libertad ex fiscal 11\u00aa  por omitir acci\u00f3n en caso"},"content":{"rendered":"\n<p>A solicitud del Ministerio P\u00fablico, fue privada de libertad la\nexfiscal 11\u00aa de Nueva Esparta, Anyerlin Pati\u00f1o, por presuntamente haber omitido\nacciones penales durante un caso.<\/p>\n\n\n\n<p>Tal irregularidad ocurri\u00f3 el pasado 13 de diciembre, durante una\naudiencia de presentaci\u00f3n ante el Tribunal 4\u00ba de Control en la mencionada\njurisdicci\u00f3n.<\/p>\n\n\n\n<p>Durante el citado d\u00eda, la exfiscal omiti\u00f3 la precalificaci\u00f3n\ncorrecta de un delito durante la imputaci\u00f3n a un hombre presuntamente implicado\nen el hurto de 1.150 kilos de cobre pertenecientes a la Corporaci\u00f3n El\u00e9ctrica\nNacional.<\/p>\n\n\n\n<p>Adicionalmente, Pati\u00f1o habr\u00eda solicitado a la instancia judicial\nantes mencionada una medida cautelar sustitutiva de la privativa libertad\ncorrespondiente, sin consulta previa a la Direcci\u00f3n contra la Corrupci\u00f3n.<\/p>\n\n\n\n<p>En virtud de tales irregularidades, la exfiscal fue detenida en\nsu residencia por parte de una Comisi\u00f3n del Comando Nacional Antiextorsi\u00f3n y\nSecuestro (Conas) de la Guardia Nacional Bolivariana, tras una orden de\naprehensi\u00f3n librada en su contra.<\/p>\n\n\n\n<p>En la audiencia de presentaci\u00f3n, la Fiscal\u00eda 14\u00aa de Nueva\nEsparta imput\u00f3 a Pati\u00f1o por la presunta comisi\u00f3n del delito de omisi\u00f3n de\nejercer las acciones penales correspondientes.<\/p>\n\n\n\n<p>Ante los elementos de convicci\u00f3n expuestos por la representaci\u00f3n del Ministerio P\u00fablico, el Tribunal 1\u00ba de Control en esa entidad federal otorg\u00f3 a la exfiscal una medida cautelar consistente en arresto domiciliario bajo supervisi\u00f3n del Conas.<\/p>\n\n\n\n<p><strong>Panorama.com<\/strong><\/p>\n","protected":false},"excerpt":{"rendered":"<p>A solicitud del Ministerio P\u00fablico, fue privada de libertad la exfiscal 11\u00aa de Nueva Esparta, Anyerlin Pati\u00f1o, por presuntamente haber omitido acciones penales durante un caso. Tal irregularidad ocurri\u00f3 el pasado 13 de diciembre, durante una audiencia de presentaci\u00f3n ante el Tribunal 4\u00ba de Control en la mencionada jurisdicci\u00f3n. Durante el citado d\u00eda, la exfiscal [&hellip;]<\/p>\n","protected":false},"author":2,"featured_media":156591,"comment_status":"closed","ping_status":"closed","sticky":false,"template":"","format":"standard","meta":{"footnotes":""},"categories":[9,13],"tags":[],"class_list":{"0":"post-156589","1":"post","2":"type-post","3":"status-publish","4":"format-standard","5":"has-post-thumbnail","7":"category-nacionales","8":"category-sucesos"},"_links":{"self":[{"href":"https:\/\/elluchador.info\/index.php?rest_route=\/wp\/v2\/posts\/156589","targetHints":{"allow":["GET"]}}],"collection":[{"href":"https:\/\/elluchador.info\/index.php?rest_route=\/wp\/v2\/posts"}],"about":[{"href":"https:\/\/elluchador.info\/index.php?rest_route=\/wp\/v2\/types\/post"}],"author":[{"embeddable":true,"href":"https:\/\/elluchador.info\/index.php?rest_route=\/wp\/v2\/users\/2"}],"replies":[{"embeddable":true,"href":"https:\/\/elluchador.info\/index.php?rest_route=%2Fwp%2Fv2%2Fcomments&post=156589"}],"version-history":[{"count":1,"href":"https:\/\/elluchador.info\/index.php?rest_route=\/wp\/v2\/posts\/156589\/revisions"}],"predecessor-version":[{"id":156592,"href":"https:\/\/elluchador.info\/index.php?rest_route=\/wp\/v2\/posts\/156589\/revisions\/156592"}],"wp:featuredmedia":[{"embeddable":true,"href":"https:\/\/elluchador.info\/index.php?rest_route=\/wp\/v2\/media\/156591"}],"wp:attachment":[{"href":"https:\/\/elluchador.info\/index.php?rest_route=%2Fwp%2Fv2%2Fmedia&parent=156589"}],"wp:term":[{"taxonomy":"category","embeddable":true,"href":"https:\/\/elluchador.info\/index.php?rest_route=%2Fwp%2Fv2%2Fcategories&post=156589"},{"taxonomy":"post_tag","embeddable":true,"href":"https:\/\/elluchador.info\/index.php?rest_route=%2Fwp%2Fv2%2Ftags&post=156589"}],"curies":[{"name":"wp","href":"https:\/\/api.w.org\/{rel}","templated":true}]}}