{"id":156599,"date":"2019-12-19T11:00:47","date_gmt":"2019-12-19T15:00:47","guid":{"rendered":"https:\/\/elluchador.info\/web\/?p=156599"},"modified":"2019-12-19T10:42:48","modified_gmt":"2019-12-19T14:42:48","slug":"presidente-catalan-es-inhabilitado-por-desobedecer-a-autoridad-electoral","status":"publish","type":"post","link":"https:\/\/elluchador.info\/?p=156599","title":{"rendered":"Presidente catal\u00e1n es inhabilitado por desobedecer a autoridad electoral"},"content":{"rendered":"\n<p>La\nsentencia no es de aplicaci\u00f3n inmediata, pero le podr\u00eda costar el cargo a\nTorra, condenado por resistirse a acatar la orden de retirar s\u00edmbolos\nseparatistas de la sede del gobierno regional durante la campa\u00f1a de las\nelecciones legislativas de abril.<\/p>\n\n\n\n<p>El presidente\nde la Generalitat, Quim Torra, ha anunciado que a partir del 7 de enero, tras\nlas fiestas navide\u00f1as, convocar\u00e1 a partidos y entidades en Catalu\u00f1a para trazar\nun plan para ejercer el derecho a la autodeterminaci\u00f3n.<\/p>\n\n\n\n<p>As\u00ed lo ha avanzado en la sesi\u00f3n de control al presidente en el pleno del Parlament, donde ha apostado por buscar un <strong>\u00ab<\/strong>acuerdo nacional\u00bb que establezca un \u00abhorizonte com\u00fan\u00bb que concrete c\u00f3mo y cu\u00e1ndo ejercer la autodeterminaci\u00f3n.<\/p>\n\n\n\n<p><strong>Unionradio.net<\/strong><\/p>\n","protected":false},"excerpt":{"rendered":"<p>La sentencia no es de aplicaci\u00f3n inmediata, pero le podr\u00eda costar el cargo a Torra, condenado por resistirse a acatar la orden de retirar s\u00edmbolos separatistas de la sede del gobierno regional durante la campa\u00f1a de las elecciones legislativas de abril. El presidente de la Generalitat, Quim Torra, ha anunciado que a partir del 7 [&hellip;]<\/p>\n","protected":false},"author":2,"featured_media":156600,"comment_status":"closed","ping_status":"closed","sticky":false,"template":"","format":"standard","meta":{"footnotes":""},"categories":[8],"tags":[],"class_list":{"0":"post-156599","1":"post","2":"type-post","3":"status-publish","4":"format-standard","5":"has-post-thumbnail","7":"category-internacionales"},"_links":{"self":[{"href":"https:\/\/elluchador.info\/index.php?rest_route=\/wp\/v2\/posts\/156599","targetHints":{"allow":["GET"]}}],"collection":[{"href":"https:\/\/elluchador.info\/index.php?rest_route=\/wp\/v2\/posts"}],"about":[{"href":"https:\/\/elluchador.info\/index.php?rest_route=\/wp\/v2\/types\/post"}],"author":[{"embeddable":true,"href":"https:\/\/elluchador.info\/index.php?rest_route=\/wp\/v2\/users\/2"}],"replies":[{"embeddable":true,"href":"https:\/\/elluchador.info\/index.php?rest_route=%2Fwp%2Fv2%2Fcomments&post=156599"}],"version-history":[{"count":1,"href":"https:\/\/elluchador.info\/index.php?rest_route=\/wp\/v2\/posts\/156599\/revisions"}],"predecessor-version":[{"id":156601,"href":"https:\/\/elluchador.info\/index.php?rest_route=\/wp\/v2\/posts\/156599\/revisions\/156601"}],"wp:featuredmedia":[{"embeddable":true,"href":"https:\/\/elluchador.info\/index.php?rest_route=\/wp\/v2\/media\/156600"}],"wp:attachment":[{"href":"https:\/\/elluchador.info\/index.php?rest_route=%2Fwp%2Fv2%2Fmedia&parent=156599"}],"wp:term":[{"taxonomy":"category","embeddable":true,"href":"https:\/\/elluchador.info\/index.php?rest_route=%2Fwp%2Fv2%2Fcategories&post=156599"},{"taxonomy":"post_tag","embeddable":true,"href":"https:\/\/elluchador.info\/index.php?rest_route=%2Fwp%2Fv2%2Ftags&post=156599"}],"curies":[{"name":"wp","href":"https:\/\/api.w.org\/{rel}","templated":true}]}}