{"id":156602,"date":"2019-12-19T11:10:39","date_gmt":"2019-12-19T15:10:39","guid":{"rendered":"https:\/\/elluchador.info\/web\/?p=156602"},"modified":"2019-12-19T10:51:09","modified_gmt":"2019-12-19T14:51:09","slug":"guatemala-es-sacudida-por-un-sismo-de-magnitud-6-0","status":"publish","type":"post","link":"https:\/\/elluchador.info\/?p=156602","title":{"rendered":"Guatemala es sacudida por un  sismo de magnitud 6.0"},"content":{"rendered":"\n<p>Un\ntemblor de magnitud 6 sacudi\u00f3 este jueves la costa del Oc\u00e9ano Pac\u00edfico de\nGuatemala sin provocar v\u00edctimas ni da\u00f1os materiales.<\/p>\n\n\n\n<p>El sismo se\nregistr\u00f3 en aguas abiertas a las 06.35 hora local (12.35 GMT), espec\u00edficamente\nfrente a la costa del departamento sure\u00f1o de Escuintla, a unos 40 kil\u00f3metros de\nla playa y a 150 kil\u00f3metros de la Ciudad de Guatemala, de acuerdo a una nota de\nprensa del Instituto Nacional de Sismolog\u00eda, Vulcanolog\u00eda, Meteorolog\u00eda e\nHidrolog\u00eda (INSIVUMEH).<\/p>\n\n\n\n<p>El movimiento\ntel\u00farico ocurri\u00f3 a una profundidad de 10 kil\u00f3metros y fue sensible en todo el\nterritorio guatemalteco, seg\u00fan detall\u00f3 la misma fuente.<\/p>\n\n\n\n<p>La\nCoordinadora Nacional para la Reducci\u00f3n de Desastres (Conred) estableci\u00f3 que el\ntemblor de este jueves, con el que despertaron miles de guatemaltecos, no ha\ncausado da\u00f1os materiales ni v\u00edctimas hasta el momento.<\/p>\n\n\n\n<p>De acuerdo a\nmedios locales, el sismo inicial fue seguido de una r\u00e9plica de menor magnitud\nque no fue reportada a\u00fan por el INSIVUMEH.<\/p>\n\n\n\n<p>EFE<\/p>\n\n\n\n<p><strong>VTV.GOB.VE<\/strong><\/p>\n","protected":false},"excerpt":{"rendered":"<p>Un temblor de magnitud 6 sacudi\u00f3 este jueves la costa del Oc\u00e9ano Pac\u00edfico de Guatemala sin provocar v\u00edctimas ni da\u00f1os materiales. El sismo se registr\u00f3 en aguas abiertas a las 06.35 hora local (12.35 GMT), espec\u00edficamente frente a la costa del departamento sure\u00f1o de Escuintla, a unos 40 kil\u00f3metros de la playa y a 150 [&hellip;]<\/p>\n","protected":false},"author":2,"featured_media":156603,"comment_status":"closed","ping_status":"closed","sticky":false,"template":"","format":"standard","meta":{"footnotes":""},"categories":[8],"tags":[],"class_list":{"0":"post-156602","1":"post","2":"type-post","3":"status-publish","4":"format-standard","5":"has-post-thumbnail","7":"category-internacionales"},"_links":{"self":[{"href":"https:\/\/elluchador.info\/index.php?rest_route=\/wp\/v2\/posts\/156602","targetHints":{"allow":["GET"]}}],"collection":[{"href":"https:\/\/elluchador.info\/index.php?rest_route=\/wp\/v2\/posts"}],"about":[{"href":"https:\/\/elluchador.info\/index.php?rest_route=\/wp\/v2\/types\/post"}],"author":[{"embeddable":true,"href":"https:\/\/elluchador.info\/index.php?rest_route=\/wp\/v2\/users\/2"}],"replies":[{"embeddable":true,"href":"https:\/\/elluchador.info\/index.php?rest_route=%2Fwp%2Fv2%2Fcomments&post=156602"}],"version-history":[{"count":1,"href":"https:\/\/elluchador.info\/index.php?rest_route=\/wp\/v2\/posts\/156602\/revisions"}],"predecessor-version":[{"id":156605,"href":"https:\/\/elluchador.info\/index.php?rest_route=\/wp\/v2\/posts\/156602\/revisions\/156605"}],"wp:featuredmedia":[{"embeddable":true,"href":"https:\/\/elluchador.info\/index.php?rest_route=\/wp\/v2\/media\/156603"}],"wp:attachment":[{"href":"https:\/\/elluchador.info\/index.php?rest_route=%2Fwp%2Fv2%2Fmedia&parent=156602"}],"wp:term":[{"taxonomy":"category","embeddable":true,"href":"https:\/\/elluchador.info\/index.php?rest_route=%2Fwp%2Fv2%2Fcategories&post=156602"},{"taxonomy":"post_tag","embeddable":true,"href":"https:\/\/elluchador.info\/index.php?rest_route=%2Fwp%2Fv2%2Ftags&post=156602"}],"curies":[{"name":"wp","href":"https:\/\/api.w.org\/{rel}","templated":true}]}}