{"id":156610,"date":"2019-12-19T11:29:47","date_gmt":"2019-12-19T15:29:47","guid":{"rendered":"https:\/\/elluchador.info\/web\/?p=156610"},"modified":"2019-12-19T11:19:02","modified_gmt":"2019-12-19T15:19:02","slug":"iglesia-luz-del-mundo-invita-a-la-gran-campana-de-culto-de-milagros","status":"publish","type":"post","link":"https:\/\/elluchador.info\/?p=156610","title":{"rendered":"Iglesia Luz del Mundo invita a la gran campa\u00f1a de culto de milagros"},"content":{"rendered":"\n<p>El pastor de la Iglesia Luz del Mundo, Aquilino\nMujica, en compa\u00f1\u00eda del hermano Jos\u00e9 Requena, Otoniel Aron, pastores de otros\ntemplos y miembros, inform\u00f3 sobre las actividades que se estar\u00e1n llevando a\ncabo durante tres d\u00edas (27, 28 y 29), del mes en curso, \u201cllevamos 24 a\u00f1os\nrealizando estos cultos de milagros, en la avenida Humboldt, siempre contando\ncon una gran presencia de personas de todas las comunidades e iglesias de la\nlocalidad\u201d, dijo Mujica.<\/p>\n\n\n\n<p>Coment\u00f3, que la Iglesia ha venido realizando muchos\nservicios sociales en las comunidades de Upata, llevando cortes de pelo,\natenciones m\u00e9dicas, medicamentos, \u201ctambi\u00e9n se ha curado enfermos a trav\u00e9s de\nnuestro Dios, personas que han sido desauciadas, se han salvado, son milagros\nque hemos hecho, glorificando de esta forma al Se\u00f1or, por tanto, serguiremos\nsanando en su nombre\u201d, dijo el pastor.<\/p>\n\n\n\n<p>De igual manera, Mujica resalt\u00f3 que se acercan grandes bendiciones para el municipio, donde se estar\u00e1 otrando por la sanacion de los enfermos que se encuentran en el Hospital Gervasio Vera Custodio, \u201cestamos predicando el evangelio de Jesucristo, y en este a\u00f1o estaremos en esta gran concentraci\u00f3n con un fin y es de orar por los enfermos y sanarlos, estaremos saliendo a las 6:00 de la tarde de la Plaza Bol\u00edvar el d\u00eda 27, con llegada a la avenida Humboldt\u201d.<\/p>\n\n\n\n<p><strong>Indira Zamora<\/strong><\/p>\n","protected":false},"excerpt":{"rendered":"<p>El pastor de la Iglesia Luz del Mundo, Aquilino Mujica, en compa\u00f1\u00eda del hermano Jos\u00e9 Requena, Otoniel Aron, pastores de otros templos y miembros, inform\u00f3 sobre las actividades que se estar\u00e1n llevando a cabo durante tres d\u00edas (27, 28 y 29), del mes en curso, \u201cllevamos 24 a\u00f1os realizando estos cultos de milagros, en la [&hellip;]<\/p>\n","protected":false},"author":2,"featured_media":156613,"comment_status":"closed","ping_status":"closed","sticky":false,"template":"","format":"standard","meta":{"footnotes":""},"categories":[12],"tags":[],"class_list":{"0":"post-156610","1":"post","2":"type-post","3":"status-publish","4":"format-standard","5":"has-post-thumbnail","7":"category-regionales"},"_links":{"self":[{"href":"https:\/\/elluchador.info\/index.php?rest_route=\/wp\/v2\/posts\/156610","targetHints":{"allow":["GET"]}}],"collection":[{"href":"https:\/\/elluchador.info\/index.php?rest_route=\/wp\/v2\/posts"}],"about":[{"href":"https:\/\/elluchador.info\/index.php?rest_route=\/wp\/v2\/types\/post"}],"author":[{"embeddable":true,"href":"https:\/\/elluchador.info\/index.php?rest_route=\/wp\/v2\/users\/2"}],"replies":[{"embeddable":true,"href":"https:\/\/elluchador.info\/index.php?rest_route=%2Fwp%2Fv2%2Fcomments&post=156610"}],"version-history":[{"count":1,"href":"https:\/\/elluchador.info\/index.php?rest_route=\/wp\/v2\/posts\/156610\/revisions"}],"predecessor-version":[{"id":156615,"href":"https:\/\/elluchador.info\/index.php?rest_route=\/wp\/v2\/posts\/156610\/revisions\/156615"}],"wp:featuredmedia":[{"embeddable":true,"href":"https:\/\/elluchador.info\/index.php?rest_route=\/wp\/v2\/media\/156613"}],"wp:attachment":[{"href":"https:\/\/elluchador.info\/index.php?rest_route=%2Fwp%2Fv2%2Fmedia&parent=156610"}],"wp:term":[{"taxonomy":"category","embeddable":true,"href":"https:\/\/elluchador.info\/index.php?rest_route=%2Fwp%2Fv2%2Fcategories&post=156610"},{"taxonomy":"post_tag","embeddable":true,"href":"https:\/\/elluchador.info\/index.php?rest_route=%2Fwp%2Fv2%2Ftags&post=156610"}],"curies":[{"name":"wp","href":"https:\/\/api.w.org\/{rel}","templated":true}]}}