{"id":156616,"date":"2019-12-19T12:51:50","date_gmt":"2019-12-19T16:51:50","guid":{"rendered":"https:\/\/elluchador.info\/web\/?p=156616"},"modified":"2019-12-19T12:41:22","modified_gmt":"2019-12-19T16:41:22","slug":"familias-de-el-pao-agradecen-apoyo-gestion-de-yulisbeth-garcia","status":"publish","type":"post","link":"https:\/\/elluchador.info\/?p=156616","title":{"rendered":"Familias de El Pao agradecen apoyo gesti\u00f3n de Yulisbeth Garc\u00eda"},"content":{"rendered":"\n<p><strong>&nbsp;<\/strong>Numerosas\nfamilias, que fueron atendidas durante el presente a\u00f1o 2019 que est\u00e1 por\nfinalizar, agradecen a trav\u00e9s de testimonios los operativos de salud, entre\notras ayudas sociales, llevadas a cabo en la mencionada parroquia piarense, por\nla gesti\u00f3n gubernamental de la alcaldesa Yulisbeth Garc\u00eda.<\/p>\n\n\n\n<p>En este\nsentido, durante el operativo asistencial llevado a cabo en la comunidad de\nValle Hondo, se realiz\u00f3 un pulso de opini\u00f3n entre parroquianos, estos agradecen\nel apoyo de la l\u00edder piarense, junto al equipo de salud del hospital Gervasio Vera\nCustodio y m\u00e9dicos del CDI Bicentenario, como tambi\u00e9n el&nbsp; Inces, entre otras instituciones y\ncolaboradores, quienes han llevado a feliz t\u00e9rmino las jornadas integrales.<\/p>\n\n\n\n<p><strong>Testimonios<\/strong><\/p>\n\n\n\n<p>Luis Cordero, dijo convivir muchos a\u00f1os en el lugar al respecto expres\u00f3 \u201cmaravilloso, agradezco a la alcaldesa \u201cTata\u201d, a veces los pobres no tenemos para pagar gastos m\u00e9dicos, ni medicinas\u201d<\/p>\n\n\n\n<figure class=\"wp-block-image\"><img loading=\"lazy\" decoding=\"async\" width=\"1024\" height=\"768\" src=\"https:\/\/elluchador.info\/web\/wp-content\/uploads\/2019\/12\/N2-f1-m\u00e9dicos-1024x768.jpg\" alt=\"\" class=\"wp-image-156621\" srcset=\"https:\/\/elluchador.info\/wp-content\/uploads\/2019\/12\/N2-f1-m\u00e9dicos.jpg 1024w, https:\/\/elluchador.info\/wp-content\/uploads\/2019\/12\/N2-f1-m\u00e9dicos-300x225.jpg 300w, https:\/\/elluchador.info\/wp-content\/uploads\/2019\/12\/N2-f1-m\u00e9dicos-768x576.jpg 768w\" sizes=\"auto, (max-width: 1024px) 100vw, 1024px\" \/><figcaption>SAMSUNG CAMERA PICTURES<\/figcaption><\/figure>\n\n\n\n<p>Maurene\nBarreto, tambien opin\u00f3 \u201cChevere, muy bonito gracias alcaldesa por traernos\nestos operativos totalmente gratuitos y la atenci\u00f3n es muy buena\u201d.<\/p>\n\n\n\n<p>Yohanny\nOrtu\u00f1o, \u201cme parece muy bi\u00e9n, los m\u00e9dicos y enfermeras muy &nbsp;cari\u00f1osos; gracias \u201cTata\u201d los haces bien por\ntu pueblo\u201d.<\/p>\n\n\n\n<p>Elio\nBarrios \u201cmuy bueno tata, hagalo siempre, a veces no tenemos dinero para visitar\ny consultar m\u00e9dicos\u201d.<\/p>\n\n\n\n<p>Bettsy\nRojas \u201cgracias alcaldesa, por esos apoyos en alimentos, m\u00e9dicos asistenciales,\nque siempre nos traen a la parroquia de El Pao; en nombre de las familias\npaoenses gracias\u201d<\/p>\n\n\n\n<p>Elia Rojas\n\u201cAgradecer a la alcaldesa, por esas gotitas de amor con nosotros en la\nparroquia y sus comunidades; gracias \u201cTata\u201d, por esas ayudas\u201d<\/p>\n\n\n\n<p>Finalmente, se pudo conocer a trav\u00e9s de la coordinaci\u00f3n de salud\/Piar, que estos operativos asistenciales continuar\u00e1n durante el vendidero alo 2020, en parroquias Pedro Cova de El Manteco y Capital respectivamente.<\/p>\n\n\n\n<p><strong>Prensa Alcald\u00eda Bolivariana de Piar<\/strong><\/p>\n","protected":false},"excerpt":{"rendered":"<p>&nbsp;Numerosas familias, que fueron atendidas durante el presente a\u00f1o 2019 que est\u00e1 por finalizar, agradecen a trav\u00e9s de testimonios los operativos de salud, entre otras ayudas sociales, llevadas a cabo en la mencionada parroquia piarense, por la gesti\u00f3n gubernamental de la alcaldesa Yulisbeth Garc\u00eda. En este sentido, durante el operativo asistencial llevado a cabo en [&hellip;]<\/p>\n","protected":false},"author":2,"featured_media":156622,"comment_status":"closed","ping_status":"closed","sticky":false,"template":"","format":"standard","meta":{"footnotes":""},"categories":[12],"tags":[],"class_list":{"0":"post-156616","1":"post","2":"type-post","3":"status-publish","4":"format-standard","5":"has-post-thumbnail","7":"category-regionales"},"_links":{"self":[{"href":"https:\/\/elluchador.info\/index.php?rest_route=\/wp\/v2\/posts\/156616","targetHints":{"allow":["GET"]}}],"collection":[{"href":"https:\/\/elluchador.info\/index.php?rest_route=\/wp\/v2\/posts"}],"about":[{"href":"https:\/\/elluchador.info\/index.php?rest_route=\/wp\/v2\/types\/post"}],"author":[{"embeddable":true,"href":"https:\/\/elluchador.info\/index.php?rest_route=\/wp\/v2\/users\/2"}],"replies":[{"embeddable":true,"href":"https:\/\/elluchador.info\/index.php?rest_route=%2Fwp%2Fv2%2Fcomments&post=156616"}],"version-history":[{"count":1,"href":"https:\/\/elluchador.info\/index.php?rest_route=\/wp\/v2\/posts\/156616\/revisions"}],"predecessor-version":[{"id":156633,"href":"https:\/\/elluchador.info\/index.php?rest_route=\/wp\/v2\/posts\/156616\/revisions\/156633"}],"wp:featuredmedia":[{"embeddable":true,"href":"https:\/\/elluchador.info\/index.php?rest_route=\/wp\/v2\/media\/156622"}],"wp:attachment":[{"href":"https:\/\/elluchador.info\/index.php?rest_route=%2Fwp%2Fv2%2Fmedia&parent=156616"}],"wp:term":[{"taxonomy":"category","embeddable":true,"href":"https:\/\/elluchador.info\/index.php?rest_route=%2Fwp%2Fv2%2Fcategories&post=156616"},{"taxonomy":"post_tag","embeddable":true,"href":"https:\/\/elluchador.info\/index.php?rest_route=%2Fwp%2Fv2%2Ftags&post=156616"}],"curies":[{"name":"wp","href":"https:\/\/api.w.org\/{rel}","templated":true}]}}