{"id":156668,"date":"2019-12-19T16:46:25","date_gmt":"2019-12-19T20:46:25","guid":{"rendered":"https:\/\/elluchador.info\/web\/?p=156668"},"modified":"2019-12-19T14:48:27","modified_gmt":"2019-12-19T18:48:27","slug":"paulina-rubio-dice-adios-a-su-disquera-despues-de-20-anos","status":"publish","type":"post","link":"https:\/\/elluchador.info\/?p=156668","title":{"rendered":"Paulina Rubio dice adi\u00f3s a su disquera despu\u00e9s de 20 a\u00f1os"},"content":{"rendered":"\n<p>Despu\u00e9s de casi 20 a\u00f1os, ocho discos -de los cuales uno fue en ingl\u00e9s- y decenas de canciones en las listas de las m\u00e1s populares, Paulina Rubio y la disquera Universal Music se separaron.<\/p>\n\n\n\n<p>As\u00ed lo confirmaron a Efe La Chica Dorada y fuentes de la empresa.<\/p>\n\n\n\n<p>\u00abAhora soy felizmente independiente por decisi\u00f3n propia\u00bb, dijo la artista en Miami, donde reside con sus dos hijos.<\/p>\n\n\n\n<p>Ejecutivos de Universal confirmaron, por su parte, que la \u00abrelaci\u00f3n con Paulina qued\u00f3 en t\u00e9rminos excelentes\u00bb y que, \u00absencillamente, el contrato se venci\u00f3\u00bb.<\/p>\n\n\n\n<p>Aunque no lo hab\u00eda anunciado, la cantante estaba abonando el terreno para cuando saliera la noticia. En una entrevista con la versi\u00f3n estadounidense de la revista Rolling Stone, publicada el 12 septiembre, dos d\u00edas antes de que saliera su m\u00e1s reciente \u00e1lbum (\u00abDeseo\u00bb), la Chica Dorada declar\u00f3: \u00abAhora soy mi propia jefa\u00bb.<\/p>\n\n\n\n<p>En declaraciones a Efe d\u00edas antes, Rubio hab\u00eda reflexionado: \u00abEs incre\u00edble que puedas subir una canci\u00f3n y en un minuto la pueden escuchar millones de personas. Es incre\u00edble que no necesites intermediarios para preguntar a tus fans qu\u00e9 quieren escuchar en tu concierto\u00bb.<\/p>\n\n\n\n<p>La decisi\u00f3n no debe haber sido nada f\u00e1cil. La relaci\u00f3n entre la artista y las sucursales de Universal Music en M\u00e9xico, Estados Unidos y Espa\u00f1a fueron fruct\u00edferas por mucho tiempo para ambos.<\/p>\n\n\n\n<p>EFE<\/p>\n","protected":false},"excerpt":{"rendered":"<p>Despu\u00e9s de casi 20 a\u00f1os, ocho discos -de los cuales uno fue en ingl\u00e9s- y decenas de canciones en las listas de las m\u00e1s populares, Paulina Rubio y la disquera Universal Music se separaron. As\u00ed lo confirmaron a Efe La Chica Dorada y fuentes de la empresa. \u00abAhora soy felizmente independiente por decisi\u00f3n propia\u00bb, dijo [&hellip;]<\/p>\n","protected":false},"author":2,"featured_media":156669,"comment_status":"closed","ping_status":"closed","sticky":false,"template":"","format":"standard","meta":{"footnotes":""},"categories":[7],"tags":[],"class_list":{"0":"post-156668","1":"post","2":"type-post","3":"status-publish","4":"format-standard","5":"has-post-thumbnail","7":"category-entretenimiento"},"_links":{"self":[{"href":"https:\/\/elluchador.info\/index.php?rest_route=\/wp\/v2\/posts\/156668","targetHints":{"allow":["GET"]}}],"collection":[{"href":"https:\/\/elluchador.info\/index.php?rest_route=\/wp\/v2\/posts"}],"about":[{"href":"https:\/\/elluchador.info\/index.php?rest_route=\/wp\/v2\/types\/post"}],"author":[{"embeddable":true,"href":"https:\/\/elluchador.info\/index.php?rest_route=\/wp\/v2\/users\/2"}],"replies":[{"embeddable":true,"href":"https:\/\/elluchador.info\/index.php?rest_route=%2Fwp%2Fv2%2Fcomments&post=156668"}],"version-history":[{"count":1,"href":"https:\/\/elluchador.info\/index.php?rest_route=\/wp\/v2\/posts\/156668\/revisions"}],"predecessor-version":[{"id":156670,"href":"https:\/\/elluchador.info\/index.php?rest_route=\/wp\/v2\/posts\/156668\/revisions\/156670"}],"wp:featuredmedia":[{"embeddable":true,"href":"https:\/\/elluchador.info\/index.php?rest_route=\/wp\/v2\/media\/156669"}],"wp:attachment":[{"href":"https:\/\/elluchador.info\/index.php?rest_route=%2Fwp%2Fv2%2Fmedia&parent=156668"}],"wp:term":[{"taxonomy":"category","embeddable":true,"href":"https:\/\/elluchador.info\/index.php?rest_route=%2Fwp%2Fv2%2Fcategories&post=156668"},{"taxonomy":"post_tag","embeddable":true,"href":"https:\/\/elluchador.info\/index.php?rest_route=%2Fwp%2Fv2%2Ftags&post=156668"}],"curies":[{"name":"wp","href":"https:\/\/api.w.org\/{rel}","templated":true}]}}