{"id":156681,"date":"2019-12-19T18:26:27","date_gmt":"2019-12-19T22:26:27","guid":{"rendered":"https:\/\/elluchador.info\/web\/?p=156681"},"modified":"2019-12-19T15:37:07","modified_gmt":"2019-12-19T19:37:07","slug":"bolivia-consultara-a-la-acnur-si-refugiados-pueden-hacer-politica","status":"publish","type":"post","link":"https:\/\/elluchador.info\/?p=156681","title":{"rendered":"Bolivia consultar\u00e1 a la Acnur si refugiados pueden hacer pol\u00edtica"},"content":{"rendered":"\n<p>El Gobierno transitorio de&nbsp;<strong>Bolivia<\/strong>&nbsp;consultar\u00e1 al&nbsp;<strong>Alto Comisionado de las Naciones Unidas para los Refugiados<\/strong>&nbsp;(Acnur) si quienes tienen ese<strong>&nbsp;estatus<\/strong>&nbsp;pueden hacer&nbsp;<strong>declaraciones pol\u00edticas o participar en actos&nbsp;<\/strong>de esa naturaleza, por el caso de&nbsp;<strong>Evo Morales<\/strong>, que tramita&nbsp;<strong>refugio<\/strong>&nbsp;en&nbsp;<strong>Argentina.<\/strong><\/p>\n\n\n\n<p>En declaraciones a los medios en&nbsp;<strong>La Paz<\/strong>, la canciller interina,&nbsp;<strong>Karen Longaric<\/strong>, anunci\u00f3 este jueves que se consultar\u00e1 al&nbsp;<strong>Acnur<\/strong>&nbsp;\u00absi est\u00e1 permitido que los&nbsp;<strong>refugiados emitan opiniones de car\u00e1cter pol\u00edtico<\/strong>&nbsp;o&nbsp;<strong>realicen actos pol\u00edticos<\/strong>&nbsp;que pongan en<strong>&nbsp;peligro la estabilidad del pa\u00eds que los persigue\u00bb.<\/strong><\/p>\n\n\n\n<p>\u00abEsa es una consulta de car\u00e1cter jur\u00eddico internacional que es el paso que debemos seguir y<strong>&nbsp;esperaremos que el Alto Comisionado responda sobre el particular<\/strong>&nbsp;y despu\u00e9s de ello hacer la&nbsp;<strong>queja formal ante el Gobierno de Argentina\u00bb,<\/strong>&nbsp;agreg\u00f3&nbsp;<strong>Longaric.<\/strong><\/p>\n\n\n\n<p>EFE<\/p>\n","protected":false},"excerpt":{"rendered":"<p>El Gobierno transitorio de&nbsp;Bolivia&nbsp;consultar\u00e1 al&nbsp;Alto Comisionado de las Naciones Unidas para los Refugiados&nbsp;(Acnur) si quienes tienen ese&nbsp;estatus&nbsp;pueden hacer&nbsp;declaraciones pol\u00edticas o participar en actos&nbsp;de esa naturaleza, por el caso de&nbsp;Evo Morales, que tramita&nbsp;refugio&nbsp;en&nbsp;Argentina. En declaraciones a los medios en&nbsp;La Paz, la canciller interina,&nbsp;Karen Longaric, anunci\u00f3 este jueves que se consultar\u00e1 al&nbsp;Acnur&nbsp;\u00absi est\u00e1 permitido que los&nbsp;refugiados emitan [&hellip;]<\/p>\n","protected":false},"author":2,"featured_media":156682,"comment_status":"closed","ping_status":"closed","sticky":false,"template":"","format":"standard","meta":{"footnotes":""},"categories":[8],"tags":[],"class_list":{"0":"post-156681","1":"post","2":"type-post","3":"status-publish","4":"format-standard","5":"has-post-thumbnail","7":"category-internacionales"},"_links":{"self":[{"href":"https:\/\/elluchador.info\/index.php?rest_route=\/wp\/v2\/posts\/156681","targetHints":{"allow":["GET"]}}],"collection":[{"href":"https:\/\/elluchador.info\/index.php?rest_route=\/wp\/v2\/posts"}],"about":[{"href":"https:\/\/elluchador.info\/index.php?rest_route=\/wp\/v2\/types\/post"}],"author":[{"embeddable":true,"href":"https:\/\/elluchador.info\/index.php?rest_route=\/wp\/v2\/users\/2"}],"replies":[{"embeddable":true,"href":"https:\/\/elluchador.info\/index.php?rest_route=%2Fwp%2Fv2%2Fcomments&post=156681"}],"version-history":[{"count":1,"href":"https:\/\/elluchador.info\/index.php?rest_route=\/wp\/v2\/posts\/156681\/revisions"}],"predecessor-version":[{"id":156684,"href":"https:\/\/elluchador.info\/index.php?rest_route=\/wp\/v2\/posts\/156681\/revisions\/156684"}],"wp:featuredmedia":[{"embeddable":true,"href":"https:\/\/elluchador.info\/index.php?rest_route=\/wp\/v2\/media\/156682"}],"wp:attachment":[{"href":"https:\/\/elluchador.info\/index.php?rest_route=%2Fwp%2Fv2%2Fmedia&parent=156681"}],"wp:term":[{"taxonomy":"category","embeddable":true,"href":"https:\/\/elluchador.info\/index.php?rest_route=%2Fwp%2Fv2%2Fcategories&post=156681"},{"taxonomy":"post_tag","embeddable":true,"href":"https:\/\/elluchador.info\/index.php?rest_route=%2Fwp%2Fv2%2Ftags&post=156681"}],"curies":[{"name":"wp","href":"https:\/\/api.w.org\/{rel}","templated":true}]}}