{"id":156693,"date":"2019-12-20T05:55:22","date_gmt":"2019-12-20T09:55:22","guid":{"rendered":"https:\/\/elluchador.info\/web\/?p=156693"},"modified":"2019-12-19T16:30:11","modified_gmt":"2019-12-19T20:30:11","slug":"sergio-hernandez-celebro-hitos-municipales-de-2019","status":"publish","type":"post","link":"https:\/\/elluchador.info\/?p=156693","title":{"rendered":"Sergio Hern\u00e1ndez celebr\u00f3 hitos municipales de 2019"},"content":{"rendered":"\n<p>El alcalde Sergio\nHern\u00e1ndez, celebr\u00f3 los triunfos obtenidos en beneficio del municipio Heres\ndurante el a\u00f1o 2019, en el desarrollo de su programa radial En Directo con\nSergio edici\u00f3n 123.<\/p>\n\n\n\n<p>Desde la Plaza Bol\u00edvar\ndel Casco Hist\u00f3rico de la capital bolivarense y en completo ambiente navide\u00f1o,\ncelebr\u00f3 el \u00faltimo programa del a\u00f1o junto a los trabajadores de la Alcald\u00eda de\nHeres y el poder popular.<\/p>\n\n\n\n<p>El l\u00edder municipal,\nindic\u00f3 que las fiestas decembrinas de este a\u00f1o han sido las mejores que se han\npodido planificar en el municipio y dio su agradecimiento a los ciudadanos por\nla receptividad.<\/p>\n\n\n\n<p>\u201cEl encendido que\nrealizamos en los tres puntos elegidos para la celebraci\u00f3n de la Navidad fue un\nrotundo \u00e9xito, los tres lugares estuvieron repletos de nuestra gente entusiasta\nde Ciudad Bol\u00edvar\u201d, expres\u00f3.<\/p>\n\n\n\n<p>Asegur\u00f3 que para la\ncelebraci\u00f3n de la navidad, se realizaron grandes esfuerzos y trabajos, como el\nmantenimiento de calles y avenidas de la ciudad, adem\u00e1s, la recuperaci\u00f3n del\nparque Leonardo Ruiz Pineda y la plaza Centuri\u00f3n.<\/p>\n\n\n\n<p>De igual forma, asever\u00f3\nque la municipalidad seguir\u00e1 trabajando para mantener esos sitios, en aras de\nconsolidar los espacios de Ciudad Bol\u00edvar y cumplir con el plan Heres Juega\nLimpio.<\/p>\n\n\n\n<p>El alcalde de Heres,\nanunci\u00f3 un plan especial de recolecci\u00f3n de desechos s\u00f3lidos para el resto de la\ntemporada navide\u00f1a, que incluye el saneamiento de las avenidas y calles m\u00e1s\ntransitadas de la ciudad.<\/p>\n\n\n\n<p><strong>Logros municipales<\/strong><\/p>\n\n\n\n<p>Entre los logros obtenidos en el 2019, el l\u00edder municipal, hizo menci\u00f3n\nen materia deportiva, turismo, poder comunal, salud, alimentaci\u00f3n y cultura,\nsiendo las estatuas vivientes parte del triunfo que enaltece las tradiciones\ndel bolivarense.<\/p>\n\n\n\n<p>Los atletas del\nmunicipio Heres, que representaron al estado Bol\u00edvar en los Juegos Deportivos\nNacionales Comunales tambi\u00e9n acompa\u00f1aron al alcalde durante su programa y\nrecibieron felicitaciones de parte del l\u00edder local.<\/p>\n\n\n\n<p>Hern\u00e1ndez, anunci\u00f3\nbecas especiales a trav\u00e9s del Instituto Municipal de Deporte y Recreaci\u00f3n de\nHeres (Imderheres) para todos los atletas medallistas que participaron en la\n\u00faltima edici\u00f3n de los juegos.<\/p>\n\n\n\n<p>Record\u00f3 que los j\u00f3venes\ndeportistas ayudaron a posicionar al municipio Heres entre los cinco mejores\ndel cuadro final a nivel nacional, tras una destacada participaci\u00f3n con 16\nmedallas obtenidas.<\/p>\n\n\n\n<p>En lo referente a\nSalud, destac\u00f3 que se han realizado m\u00e1s de 150 ces\u00e1reas en el hospital\nmunicipal, garantizando el bienestar de las madres bolivarenses.<\/p>\n\n\n\n<p>\u201cSeguimos haciendo\nimportantes alianzas para aumentar el nivel de atenci\u00f3n de nuestro hospital\nmunicipal, que se ha convertido en un ejemplo para la regi\u00f3n\u201d, comunic\u00f3.<\/p>\n\n\n\n<p>Finalmente el burgomaestre expres\u00f3 sus mejores deseos a los trabajadores de la municipalidad y la colectividad bolivarense y anunci\u00f3 que En Directo con Sergio regresar\u00e1 renovado el 16 de enero de 2020.<strong> <\/strong><\/p>\n\n\n\n<p><strong>Prensa Alcald\u00eda de Heres<\/strong><\/p>\n","protected":false},"excerpt":{"rendered":"<p>El alcalde Sergio Hern\u00e1ndez, celebr\u00f3 los triunfos obtenidos en beneficio del municipio Heres durante el a\u00f1o 2019, en el desarrollo de su programa radial En Directo con Sergio edici\u00f3n 123. Desde la Plaza Bol\u00edvar del Casco Hist\u00f3rico de la capital bolivarense y en completo ambiente navide\u00f1o, celebr\u00f3 el \u00faltimo programa del a\u00f1o junto a los [&hellip;]<\/p>\n","protected":false},"author":2,"featured_media":156702,"comment_status":"closed","ping_status":"closed","sticky":false,"template":"","format":"standard","meta":{"footnotes":""},"categories":[20,12],"tags":[],"class_list":{"0":"post-156693","1":"post","2":"type-post","3":"status-publish","4":"format-standard","5":"has-post-thumbnail","7":"category-municipal","8":"category-regionales"},"_links":{"self":[{"href":"https:\/\/elluchador.info\/index.php?rest_route=\/wp\/v2\/posts\/156693","targetHints":{"allow":["GET"]}}],"collection":[{"href":"https:\/\/elluchador.info\/index.php?rest_route=\/wp\/v2\/posts"}],"about":[{"href":"https:\/\/elluchador.info\/index.php?rest_route=\/wp\/v2\/types\/post"}],"author":[{"embeddable":true,"href":"https:\/\/elluchador.info\/index.php?rest_route=\/wp\/v2\/users\/2"}],"replies":[{"embeddable":true,"href":"https:\/\/elluchador.info\/index.php?rest_route=%2Fwp%2Fv2%2Fcomments&post=156693"}],"version-history":[{"count":1,"href":"https:\/\/elluchador.info\/index.php?rest_route=\/wp\/v2\/posts\/156693\/revisions"}],"predecessor-version":[{"id":156703,"href":"https:\/\/elluchador.info\/index.php?rest_route=\/wp\/v2\/posts\/156693\/revisions\/156703"}],"wp:featuredmedia":[{"embeddable":true,"href":"https:\/\/elluchador.info\/index.php?rest_route=\/wp\/v2\/media\/156702"}],"wp:attachment":[{"href":"https:\/\/elluchador.info\/index.php?rest_route=%2Fwp%2Fv2%2Fmedia&parent=156693"}],"wp:term":[{"taxonomy":"category","embeddable":true,"href":"https:\/\/elluchador.info\/index.php?rest_route=%2Fwp%2Fv2%2Fcategories&post=156693"},{"taxonomy":"post_tag","embeddable":true,"href":"https:\/\/elluchador.info\/index.php?rest_route=%2Fwp%2Fv2%2Ftags&post=156693"}],"curies":[{"name":"wp","href":"https:\/\/api.w.org\/{rel}","templated":true}]}}