{"id":156727,"date":"2019-12-20T11:05:45","date_gmt":"2019-12-20T15:05:45","guid":{"rendered":"https:\/\/elluchador.info\/web\/?p=156727"},"modified":"2019-12-20T10:46:45","modified_gmt":"2019-12-20T14:46:45","slug":"movimiento-evangelico-en-america-latina","status":"publish","type":"post","link":"https:\/\/elluchador.info\/?p=156727","title":{"rendered":"Movimiento evang\u00e9lico en am\u00e9rica latina"},"content":{"rendered":"\n<p>Las protestas registradas\neste a\u00f1o en Chile, Ecuador, Bolivia y Colombia se han unido a las que desde\nhace a\u00f1os ocurren en Nicaragua o Venezuela y hasta a las que en 2013 sacudieron\na Brasil<\/p>\n\n\n\n<p>Sabela Bello y Eduardo Davis<\/p>\n\n\n\n<p>&nbsp;Las calles de muchos\npa\u00edses de Latinoam\u00e9rica convulsionan. Relegada durante a\u00f1os por el socialismo\ndel siglo XXI, que naufrag\u00f3 en parte por la corrupci\u00f3n, la derecha despierta de\nsu letargo. En algunos casos, con la Biblia y las armas como banderas.<\/p>\n\n\n\n<p>Las protestas registradas este a\u00f1o en Chile, Ecuador, Bolivia y\nColombia se han unido a las que desde hace a\u00f1os ocurren en Nicaragua o\nVenezuela y hasta a las que en 2013 sacudieron a Brasil.<\/p>\n\n\n\n<p>A\u00fan\ncon or\u00edgenes distintos, en todos los casos han reflejado el malestar de las\nsociedades con sus pol\u00edticos y con abismos sociales que mantienen a Am\u00e9rica\nLatina como una de las regiones con mayores desigualdades en el mundo, bien sea\ncon Gobiernos conservadores, de centro o del amplio espectro ideol\u00f3gico de la\nizquierda.<\/p>\n\n\n\n<p>EL OCASO DEL SOCIALISMO DEL SIGLO XXI<\/p>\n\n\n\n<p>Tras\nunos a\u00f1os 90 signados por el Consenso de Washington, muchos pa\u00edses de Am\u00e9rica\nLatina cambiaron de signo pol\u00edtico y volcaron sus experiencias en proyectos\nprogresistas o m\u00e1s radicales, como los que encabezaron Hugo Ch\u00e1vez, Luiz In\u00e1cio\nLula da Silva, Nestor Kirchner, Rafael Correa o Evo Morales, algunos de sus\nprincipales exponentes.<\/p>\n\n\n\n<p>Si\nbien en principio ese modelo pareci\u00f3 resultar, las ambiciones de sus l\u00edderes,\nel clientelismo, las promesas sociales no cumplidas, el fin del \u00abboom\u00bb de las\nmaterias primas, la crisis global de 2008 y, sobre todo la corrupci\u00f3n, acabaron\ncon las esperanzas y sembraron el malestar que a\u00fan se percibe en casi toda la\nregi\u00f3n.<\/p>\n\n\n\n<p>DEL \u00abAL\u00d3 PRESIDENTE\u00bb AL POPULISMO DIGITAL<\/p>\n\n\n\n<p>La\ncomunicaci\u00f3n directa en la pol\u00edtica, que prescinde en parte de la prensa\ntradicional para apostar en las redes sociales, ha calado en los \u00faltimos a\u00f1os\ncon la masificaci\u00f3n de esas herramientas, sobre todo entre las clases m\u00e1s\nacomodadas y conservadoras.<\/p>\n\n\n\n<p>Sin\nembargo, no es nueva en la pol\u00edtica latinoamericana y quien m\u00e1s se vali\u00f3 de\nello fue el fallecido Hugo Ch\u00e1vez, con su programa \u00abAl\u00f3 Presidente\u00bb, que pod\u00eda\ndurar horas y era transmitido en cadenas nacionales obligatorias, como lo hace\na\u00fan en Venezuela el presidente Nicol\u00e1s Maduro.<\/p>\n\n\n\n<p>La\ncomunicaci\u00f3n directa con los ciudadanos a trav\u00e9s de las redes sociales ha dado\nlugar a la expresi\u00f3n \u00abpopulismo digital\u00bb, que entre sus adeptos, aunque con\nmatices, tiene a los actuales presidentes de El Salvador, Nayib Bukele; y\nGuatemala, Jimmy Morales, o l\u00edderes m\u00e1s progresistas, como el mexicano Antonio\nManuel L\u00f3pez Obrador.<\/p>\n\n\n\n<p>V\u00eda\nredes, algunos gobernantes nombran o destituyen ministros o anuncian medidas de\nimportancia nacional, as\u00ed como presionan a los partidos pol\u00edticos al agitar a\nsus seguidores.<\/p>\n\n\n\n<p>Sin\nduda, el mayor fen\u00f3meno latinoamericano en ese sentido es el presidente\nbrasile\u00f1o, Jair Bolsonaro, que incluso centr\u00f3 su campa\u00f1a electoral de 2018 en\nla difusi\u00f3n masiva de mensajes por WhatssApp y Twitter.<\/p>\n\n\n\n<p>Una\nvez en el poder, el ultraderechista acentu\u00f3 sus cr\u00edticas a la prensa\ntradicional y cre\u00f3 un vasto entramado de redes sociales con el que se mantiene\nen contacto con sus seguidores, a los que suele alentar con frases ideol\u00f3gicas\no religiosas e incita a no creer en la prensa, de la cual afirma que \u00abs\u00f3lo\nmiente\u00bb sobre su Gobierno.<\/p>\n\n\n\n<p>Uno\nde sus principales lemas lo extrajo de la Biblia: \u00abLa verdad os har\u00e1 libres\u00bb.<\/p>\n\n\n\n<p>CON LA BIBLIA Y LOS MILITARES<\/p>\n\n\n\n<p>En\nel \u00faltimo lustro, Latinoam\u00e9rica cambi\u00f3 de color pol\u00edtico y el rojo de las\nrevoluciones y los movimientos populares se torn\u00f3 azul -m\u00e1s o menos intenso- en\ngran parte de la regi\u00f3n. La derecha sigue ganando terreno y avanzando con su\ncara m\u00e1s radical en algunos casos, como el de Brasil, con Bolsonaro al frente\ndel Gobierno.<\/p>\n\n\n\n<p>El\nmandatario brasile\u00f1o, quiz\u00e1s el ejemplo m\u00e1s representativo del radicalismo en\nla derecha latinoamericana, apuesta todo al militarismo, palpable en su\nEjecutivo, en el que un tercio de sus miembros tienen or\u00edgenes militares y m\u00e1s\nde 100 funcionarios de su Gobierno pertenecen o tienen v\u00ednculos con las Fuerzas\nArmadas.<\/p>\n\n\n\n<p>Con\nla pistola en una mano y la Biblia en la otra, el l\u00edder de la ultraderecha\nbrasile\u00f1a se escuda en la religi\u00f3n para justificar decisiones que escandalizan\na otros pa\u00edses con ideas menos conservadoras, como la firma de un decreto que\nrespalda la tenencia de armas en viviendas o lugares de trabajo para que los\n\u00abciudadanos de bien tengan paz en su casa\u00bb. El tambi\u00e9n militar retirado\nrespalda sus iniciativas con el libro al que se agarra como si fuera su\ntalism\u00e1n, m\u00e1s all\u00e1 del significado real del texto sagrado, y asegura que las\narmas son \u00abinherentes\u00bb al ser humano y a su defensa, expresi\u00f3n que -asegura-\nest\u00e1 recogida \u00aben la Biblia\u00bb.<\/p>\n\n\n\n<p>La\nreligi\u00f3n tambi\u00e9n se ha mezclado con la pol\u00edtica boliviana, al punto de que la\npresidenta interina, Jeanine \u00c1\u00f1ez, asumi\u00f3 el poder tras la renuncia de Evo\nMorales y en medio de revueltas, casi en un altar y decidida a devolver \u00abla\nBiblia\u00bb al Palacio Quemado, en el que durante la \u00e9poca del primer gobernante\nindio de ese pa\u00eds imper\u00f3 la Pachamama.<\/p>\n\n\n\n<p>Y\nas\u00ed, entre religi\u00f3n y p\u00f3lvora, avanza la derecha latinoamericana a un ritmo\nvertiginoso ganando terreno a la izquierda, con hegemon\u00eda en la regi\u00f3n hace\nmenos de una d\u00e9cada.<\/p>\n\n\n\n<p>En\nlos extremos de la regi\u00f3n, M\u00e9xico y Argentina, L\u00f3pez Obrador y Alberto\nFern\u00e1ndez intentan ahora reunir a las fuerzas progresistas en el llamado Grupo\nde Puebla, un remedo moderado del m\u00e1s radical Foro de Sao Paulo, fundado por\nlas izquierdas regionales en 1990.<\/p>\n\n\n\n<p>POR LA IZQUIERDA O POR LA DERECHA, LA PROTESTA VA A LA CALLE<\/p>\n\n\n\n<p>El\ndescontento pol\u00edtico en Am\u00e9rica Latina es palpable, tal y como demuestran las\nreivindicaciones, las protestas y los disturbios violentos en diversos pa\u00edses,\ntanto por la izquierda como por la derecha.<\/p>\n\n\n\n<p>Las\ncalles de Colombia, Honduras, Chile o Ecuador se llenaron de manifestaciones\ncontra la gesti\u00f3n de los respectivos Gobiernos de derecha o centro derecha,\nmientras que Bolivia, Venezuela o Nicaragua alzan la voz y las armas para\nderrotar a unas izquierdas se\u00f1aladas de dictatoriales por parte de sus\ndetractores.<\/p>\n\n\n\n<p>Por\ndiestra y por siniestra, los latinoamericanos quieren cambio, especialmente\naquellos pa\u00edses cuyos gobernantes parecen haberse anclado al sill\u00f3n\npresidencial al que no est\u00e1n dispuestos a renunciar por m\u00e1s que el pueblo\nlevante la voz y haga de sus reclamos consignas que se repiten insistentemente.\nComo si de un virus se tratase, los latinoamericanos se contagian del af\u00e1n\nreivindicativo de pa\u00edses vecinos y los reclamos se extienden como la p\u00f3lvora\npor la regi\u00f3n, en la mayor\u00eda de los casos con da\u00f1os colaterales dram\u00e1ticos.<\/p>\n\n\n\n<p>Las protestas de los \u00faltimos tiempos en Latinoam\u00e9rica se saldaron con miles de muertos y heridos, en su mayor\u00eda a manos de efectivos de las fuerzas de seguridad de los diferentes estados o de paramilitares estrat\u00e9gicamente dirigidos por altos mandos de los gobiernos de turno.<\/p>\n\n\n\n<p><strong>soynuevaprensa digital.com<\/strong><\/p>\n","protected":false},"excerpt":{"rendered":"<p>Las protestas registradas este a\u00f1o en Chile, Ecuador, Bolivia y Colombia se han unido a las que desde hace a\u00f1os ocurren en Nicaragua o Venezuela y hasta a las que en 2013 sacudieron a Brasil Sabela Bello y Eduardo Davis &nbsp;Las calles de muchos pa\u00edses de Latinoam\u00e9rica convulsionan. Relegada durante a\u00f1os por el socialismo del [&hellip;]<\/p>\n","protected":false},"author":2,"featured_media":156728,"comment_status":"closed","ping_status":"closed","sticky":false,"template":"","format":"standard","meta":{"footnotes":""},"categories":[8],"tags":[],"class_list":{"0":"post-156727","1":"post","2":"type-post","3":"status-publish","4":"format-standard","5":"has-post-thumbnail","7":"category-internacionales"},"_links":{"self":[{"href":"https:\/\/elluchador.info\/index.php?rest_route=\/wp\/v2\/posts\/156727","targetHints":{"allow":["GET"]}}],"collection":[{"href":"https:\/\/elluchador.info\/index.php?rest_route=\/wp\/v2\/posts"}],"about":[{"href":"https:\/\/elluchador.info\/index.php?rest_route=\/wp\/v2\/types\/post"}],"author":[{"embeddable":true,"href":"https:\/\/elluchador.info\/index.php?rest_route=\/wp\/v2\/users\/2"}],"replies":[{"embeddable":true,"href":"https:\/\/elluchador.info\/index.php?rest_route=%2Fwp%2Fv2%2Fcomments&post=156727"}],"version-history":[{"count":1,"href":"https:\/\/elluchador.info\/index.php?rest_route=\/wp\/v2\/posts\/156727\/revisions"}],"predecessor-version":[{"id":156729,"href":"https:\/\/elluchador.info\/index.php?rest_route=\/wp\/v2\/posts\/156727\/revisions\/156729"}],"wp:featuredmedia":[{"embeddable":true,"href":"https:\/\/elluchador.info\/index.php?rest_route=\/wp\/v2\/media\/156728"}],"wp:attachment":[{"href":"https:\/\/elluchador.info\/index.php?rest_route=%2Fwp%2Fv2%2Fmedia&parent=156727"}],"wp:term":[{"taxonomy":"category","embeddable":true,"href":"https:\/\/elluchador.info\/index.php?rest_route=%2Fwp%2Fv2%2Fcategories&post=156727"},{"taxonomy":"post_tag","embeddable":true,"href":"https:\/\/elluchador.info\/index.php?rest_route=%2Fwp%2Fv2%2Ftags&post=156727"}],"curies":[{"name":"wp","href":"https:\/\/api.w.org\/{rel}","templated":true}]}}