{"id":156775,"date":"2019-12-20T13:15:30","date_gmt":"2019-12-20T17:15:30","guid":{"rendered":"https:\/\/elluchador.info\/web\/?p=156775"},"modified":"2019-12-20T13:00:09","modified_gmt":"2019-12-20T17:00:09","slug":"en-el-ranking-de-la-fifa-la-vinotinto-cerro-el-2019-en-el-puesto-25","status":"publish","type":"post","link":"https:\/\/elluchador.info\/?p=156775","title":{"rendered":"En el ranking de la Fifa la Vinotinto cerr\u00f3 el 2019 en el puesto 25"},"content":{"rendered":"\n<p>Este\njueves 19 de diciembre la Federaci\u00f3n Internacional de F\u00fatbol y Asociados (Fifa)\npublic\u00f3 la \u00faltima actualizaci\u00f3n del Ranking de Selecciones correspondiente al\nmes de diciembre, donde la selecci\u00f3n nacional volvi\u00f3 a repetir en la casilla 25\ncon un total de 1.517 puntos.<\/p>\n\n\n\n<p>Tras los\nresultados obtenidos por la Vinotinto en las \u00faltimas tres fechas Fifa entre\nseptiembre, octubre y noviembre que dejaron un saldo positivo de tres victorias\ny un empate, el combinado criollo alcanz\u00f3 el hist\u00f3rico puesto.<\/p>\n\n\n\n<p>Recordemos\nque, con anterioridad bajo el mandato del seleccionador nacional Rafael\nDudamel, la Vinotinto rompi\u00f3 su propio r\u00e9cord en par de ocasiones: en octubre\nde 2018 igual\u00f3 la marca que hab\u00eda dejado C\u00e9sar Far\u00edas desde 2014 (puesto 29) y\nluego en julio de 2019 se escal\u00f3 hasta la posici\u00f3n 26.<\/p>\n\n\n\n<p>Esta\nhaza\u00f1a es una motivaci\u00f3n m\u00e1s para el grupo de cara a las Eliminatorias\nSudamericanas de Catar 2022, que iniciar\u00e1n el pr\u00f3ximo mes de marzo y tambi\u00e9n\npara la Copa Am\u00e9rica a disputarse entre Colombia y Argentina en el mes de junio\nde 2020, siendo estos los dos retos m\u00e1s cercanos que tienen los criollos.<\/p>\n\n\n\n<p>Por otra parte, dicho puesto 25 reafirma la gran actuaci\u00f3n que tuvo la Vinotinto durante este a\u00f1o 2019 y que dej\u00f3 un positivo registro en trece encuentros disputados con seis victorias, cuatro empates y tres derrotas, sumando 22 goles a favor y 13 en contra.<\/p>\n\n\n\n<p><strong>panorama,com.ve<\/strong><\/p>\n","protected":false},"excerpt":{"rendered":"<p>Este jueves 19 de diciembre la Federaci\u00f3n Internacional de F\u00fatbol y Asociados (Fifa) public\u00f3 la \u00faltima actualizaci\u00f3n del Ranking de Selecciones correspondiente al mes de diciembre, donde la selecci\u00f3n nacional volvi\u00f3 a repetir en la casilla 25 con un total de 1.517 puntos. Tras los resultados obtenidos por la Vinotinto en las \u00faltimas tres fechas [&hellip;]<\/p>\n","protected":false},"author":2,"featured_media":156782,"comment_status":"closed","ping_status":"closed","sticky":false,"template":"","format":"standard","meta":{"footnotes":""},"categories":[4],"tags":[],"class_list":{"0":"post-156775","1":"post","2":"type-post","3":"status-publish","4":"format-standard","5":"has-post-thumbnail","7":"category-deportes"},"_links":{"self":[{"href":"https:\/\/elluchador.info\/index.php?rest_route=\/wp\/v2\/posts\/156775","targetHints":{"allow":["GET"]}}],"collection":[{"href":"https:\/\/elluchador.info\/index.php?rest_route=\/wp\/v2\/posts"}],"about":[{"href":"https:\/\/elluchador.info\/index.php?rest_route=\/wp\/v2\/types\/post"}],"author":[{"embeddable":true,"href":"https:\/\/elluchador.info\/index.php?rest_route=\/wp\/v2\/users\/2"}],"replies":[{"embeddable":true,"href":"https:\/\/elluchador.info\/index.php?rest_route=%2Fwp%2Fv2%2Fcomments&post=156775"}],"version-history":[{"count":1,"href":"https:\/\/elluchador.info\/index.php?rest_route=\/wp\/v2\/posts\/156775\/revisions"}],"predecessor-version":[{"id":156785,"href":"https:\/\/elluchador.info\/index.php?rest_route=\/wp\/v2\/posts\/156775\/revisions\/156785"}],"wp:featuredmedia":[{"embeddable":true,"href":"https:\/\/elluchador.info\/index.php?rest_route=\/wp\/v2\/media\/156782"}],"wp:attachment":[{"href":"https:\/\/elluchador.info\/index.php?rest_route=%2Fwp%2Fv2%2Fmedia&parent=156775"}],"wp:term":[{"taxonomy":"category","embeddable":true,"href":"https:\/\/elluchador.info\/index.php?rest_route=%2Fwp%2Fv2%2Fcategories&post=156775"},{"taxonomy":"post_tag","embeddable":true,"href":"https:\/\/elluchador.info\/index.php?rest_route=%2Fwp%2Fv2%2Ftags&post=156775"}],"curies":[{"name":"wp","href":"https:\/\/api.w.org\/{rel}","templated":true}]}}