{"id":156834,"date":"2019-12-20T14:49:24","date_gmt":"2019-12-20T18:49:24","guid":{"rendered":"https:\/\/elluchador.info\/web\/?p=156834"},"modified":"2019-12-20T15:49:01","modified_gmt":"2019-12-20T19:49:01","slug":"congreso-colombiano-aprobo-reforma-tributaria-del-gobierno","status":"publish","type":"post","link":"https:\/\/elluchador.info\/?p=156834","title":{"rendered":"Congreso colombiano aprob\u00f3 reforma tributaria del Gobierno"},"content":{"rendered":"\n<p>La C\u00e1mara de Representantes de Colombia aprob\u00f3 en la madrugada de este viernes la pol\u00e9mica reforma tributaria del Gobierno, una de las causas de las manifestaciones que se realizan contra el presidente Iv\u00e1n Duque desde el 21 de noviembre,<strong>\u00a0<\/strong>tras un at\u00edpico debate que comenz\u00f3 tras la medianoche.<\/p>\n\n\n\n<p>Despu\u00e9s de cerca de cinco horas de discusiones, la plenaria de la C\u00e1mara aprob\u00f3\u00a0la iniciativa gubernamental, denominada Ley de Crecimiento y que dos d\u00edas antes hab\u00eda culminado su tr\u00e1mite en el Senado, con la que se espera recaudar 13,5 billones de pesos (4.071 millones de d\u00f3lares).<\/p>\n\n\n\n<p>Seg\u00fan el Comit\u00e9 del Paro,\u00a0promotor de las protestas contra la pol\u00edtica econ\u00f3mica y social del Gobierno, la reforma aprobada prev\u00e9 rebajar los impuestos a las grandes empresas e imponer m\u00e1s a la clase media y a los trabajadores.<\/p>\n\n\n\n<p>En octubre pasado, el Gobierno de Duque volvi\u00f3 a radicar en la C\u00e1mara de Representantes la reforma tributaria una semana despu\u00e9s de que la aprobada, denominada por el Ejecutivo como Ley de Financiamiento, fuera declarada inconstitucional por la Corte Constitucional por no tener el debido tr\u00e1mite en el Congreso.<\/p>\n\n\n\n<p><strong>unionradio.net<\/strong><\/p>\n","protected":false},"excerpt":{"rendered":"<p>La C\u00e1mara de Representantes de Colombia aprob\u00f3 en la madrugada de este viernes la pol\u00e9mica reforma tributaria del Gobierno, una de las causas de las manifestaciones que se realizan contra el presidente Iv\u00e1n Duque desde el 21 de noviembre,\u00a0tras un at\u00edpico debate que comenz\u00f3 tras la medianoche. Despu\u00e9s de cerca de cinco horas de discusiones, [&hellip;]<\/p>\n","protected":false},"author":2,"featured_media":156835,"comment_status":"closed","ping_status":"closed","sticky":false,"template":"","format":"standard","meta":{"footnotes":""},"categories":[8],"tags":[],"class_list":{"0":"post-156834","1":"post","2":"type-post","3":"status-publish","4":"format-standard","5":"has-post-thumbnail","7":"category-internacionales"},"_links":{"self":[{"href":"https:\/\/elluchador.info\/index.php?rest_route=\/wp\/v2\/posts\/156834","targetHints":{"allow":["GET"]}}],"collection":[{"href":"https:\/\/elluchador.info\/index.php?rest_route=\/wp\/v2\/posts"}],"about":[{"href":"https:\/\/elluchador.info\/index.php?rest_route=\/wp\/v2\/types\/post"}],"author":[{"embeddable":true,"href":"https:\/\/elluchador.info\/index.php?rest_route=\/wp\/v2\/users\/2"}],"replies":[{"embeddable":true,"href":"https:\/\/elluchador.info\/index.php?rest_route=%2Fwp%2Fv2%2Fcomments&post=156834"}],"version-history":[{"count":1,"href":"https:\/\/elluchador.info\/index.php?rest_route=\/wp\/v2\/posts\/156834\/revisions"}],"predecessor-version":[{"id":156836,"href":"https:\/\/elluchador.info\/index.php?rest_route=\/wp\/v2\/posts\/156834\/revisions\/156836"}],"wp:featuredmedia":[{"embeddable":true,"href":"https:\/\/elluchador.info\/index.php?rest_route=\/wp\/v2\/media\/156835"}],"wp:attachment":[{"href":"https:\/\/elluchador.info\/index.php?rest_route=%2Fwp%2Fv2%2Fmedia&parent=156834"}],"wp:term":[{"taxonomy":"category","embeddable":true,"href":"https:\/\/elluchador.info\/index.php?rest_route=%2Fwp%2Fv2%2Fcategories&post=156834"},{"taxonomy":"post_tag","embeddable":true,"href":"https:\/\/elluchador.info\/index.php?rest_route=%2Fwp%2Fv2%2Ftags&post=156834"}],"curies":[{"name":"wp","href":"https:\/\/api.w.org\/{rel}","templated":true}]}}