{"id":156843,"date":"2019-12-20T16:50:00","date_gmt":"2019-12-20T20:50:00","guid":{"rendered":"https:\/\/elluchador.info\/web\/?p=156843"},"modified":"2019-12-20T16:32:46","modified_gmt":"2019-12-20T20:32:46","slug":"detienen-a-nueve-personas-que-operaban-en-red-de-movilnet-paralela","status":"publish","type":"post","link":"https:\/\/elluchador.info\/?p=156843","title":{"rendered":"Detienen a nueve personas que operaban en red de movilnet \u00abparalela\u00bb"},"content":{"rendered":"\n<p>El fiscal general de la Rep\u00fablica, Tarek William Saab inform\u00f3 el desmantelamiento de \u00abuna red de Movilnet paralela\u00bb, que operaba con los recursos de la empresa estatal para generar ganancias a empresas privadas.<\/p>\n\n\n\n<p>Se\u00f1al\u00f3 que hasta el momento hay nueve detenidos por desproteger la plataforma de servidores de Movilnet y permitir la activaci\u00f3n il\u00edcita de l\u00edneas en grandes cantidades.<\/p>\n\n\n\n<p>\u00c1ngelo Navarro, Gerente General de Optimizaci\u00f3n y Desempe\u00f1o; Ronny Monrroy, Gerente de Soporte Operacional, Roger Figueroa, Gerente de Servicio, Soporte y Producci\u00f3n; Kelvin Gonz\u00e1lez, Gerente de Procesos Operativos; N\u00e9stor Moreno, Coordinador de Soporte de Plataforma Prepago y Jos\u00e9 Luis Nieves, Director de Soporte Operacional y Sistemas.<\/p>\n\n\n\n<p>Indic\u00f3 que la investigaci\u00f3n inici\u00f3 por una denuncia hecha por el apoderado judicial de Cantv y Telecomunicaciones Movilnet, quien inform\u00f3 que se presentaban una serie de irregularidades en los servidores de la plataforma\u00bb.<\/p>\n\n\n\n<blockquote class=\"wp-block-quote is-layout-flow wp-block-quote-is-layout-flow\"><p>\u00abEstas irregularidades consisten en la vulneraci\u00f3n de servidores por parte de agentes externos para desviar el tr\u00e1fico regular de llamadas desde el exterior hacia n\u00fameros locales de l\u00edneas Movilnet, mediante un sistema denominado \u201cTr\u00e1fico Irregular Bypass\u201d.<\/p><\/blockquote>\n\n\n\n<p>Explic\u00f3 que las llamadas internacionales eran redireccionadas a l\u00edneas Movilnet \u00abactivadas il\u00edcitamente\u00bb, con el fin de que el usuario final reciba la llamada como si se tratara de una llamada local.<\/p>\n\n\n\n<blockquote class=\"wp-block-quote is-layout-flow wp-block-quote-is-layout-flow\"><p>\u00abLos defraudadores evitaban que la llamada se registre como internacional e imped\u00edan el cobro del porcentaje por minuto que corresponder\u00eda a Digitel, Movistar y Movilnet para asegurarse el cobro de estos montos desde el extranjero\u00bb.<\/p><\/blockquote>\n\n\n\n<p>Destac\u00f3 que la investigaci\u00f3n realizada por el MP y la Dgcim, junto a personal de Cantv y Movilnet, determin\u00f3 que \u00ablos defraudadores\u00bb habr\u00edan contado con la complicidad de miembros de la alta gerencia de Movilnet para cometer estos delitos.<\/p>\n\n\n\n<p>\u00abEstos gerentes presuntamente se han dado a la tarea de desproteger la plataforma de servidores de Movilnet y otorgado permiso de acceso a los delincuentes\u00bb, dijo.<\/p>\n\n\n\n<p>Argument\u00f3 que el da\u00f1o patrimonial ocasionado a la empresa, producto de las ganancias que no percibi\u00f3 se estima en 108 millones 720 mil d\u00f3lares.<\/p>\n\n\n\n<p>Uni\u00f3n Radio<\/p>\n","protected":false},"excerpt":{"rendered":"<p>El fiscal general de la Rep\u00fablica, Tarek William Saab inform\u00f3 el desmantelamiento de \u00abuna red de Movilnet paralela\u00bb, que operaba con los recursos de la empresa estatal para generar ganancias a empresas privadas. Se\u00f1al\u00f3 que hasta el momento hay nueve detenidos por desproteger la plataforma de servidores de Movilnet y permitir la activaci\u00f3n il\u00edcita de [&hellip;]<\/p>\n","protected":false},"author":2,"featured_media":156844,"comment_status":"closed","ping_status":"closed","sticky":false,"template":"","format":"standard","meta":{"footnotes":""},"categories":[5,9],"tags":[],"class_list":{"0":"post-156843","1":"post","2":"type-post","3":"status-publish","4":"format-standard","5":"has-post-thumbnail","7":"category-destacado","8":"category-nacionales"},"_links":{"self":[{"href":"https:\/\/elluchador.info\/index.php?rest_route=\/wp\/v2\/posts\/156843","targetHints":{"allow":["GET"]}}],"collection":[{"href":"https:\/\/elluchador.info\/index.php?rest_route=\/wp\/v2\/posts"}],"about":[{"href":"https:\/\/elluchador.info\/index.php?rest_route=\/wp\/v2\/types\/post"}],"author":[{"embeddable":true,"href":"https:\/\/elluchador.info\/index.php?rest_route=\/wp\/v2\/users\/2"}],"replies":[{"embeddable":true,"href":"https:\/\/elluchador.info\/index.php?rest_route=%2Fwp%2Fv2%2Fcomments&post=156843"}],"version-history":[{"count":1,"href":"https:\/\/elluchador.info\/index.php?rest_route=\/wp\/v2\/posts\/156843\/revisions"}],"predecessor-version":[{"id":156846,"href":"https:\/\/elluchador.info\/index.php?rest_route=\/wp\/v2\/posts\/156843\/revisions\/156846"}],"wp:featuredmedia":[{"embeddable":true,"href":"https:\/\/elluchador.info\/index.php?rest_route=\/wp\/v2\/media\/156844"}],"wp:attachment":[{"href":"https:\/\/elluchador.info\/index.php?rest_route=%2Fwp%2Fv2%2Fmedia&parent=156843"}],"wp:term":[{"taxonomy":"category","embeddable":true,"href":"https:\/\/elluchador.info\/index.php?rest_route=%2Fwp%2Fv2%2Fcategories&post=156843"},{"taxonomy":"post_tag","embeddable":true,"href":"https:\/\/elluchador.info\/index.php?rest_route=%2Fwp%2Fv2%2Ftags&post=156843"}],"curies":[{"name":"wp","href":"https:\/\/api.w.org\/{rel}","templated":true}]}}