{"id":156878,"date":"2019-12-21T15:00:00","date_gmt":"2019-12-21T19:00:00","guid":{"rendered":"https:\/\/elluchador.info\/web\/?p=156878"},"modified":"2019-12-21T09:57:56","modified_gmt":"2019-12-21T13:57:56","slug":"sube-a-18-la-cifra-de-presos-muertos-en-tiroteo-en-una-carcel-de-honduras","status":"publish","type":"post","link":"https:\/\/elluchador.info\/?p=156878","title":{"rendered":"Sube a 18 la cifra de presos muertos en tiroteo en una c\u00e1rcel de Honduras"},"content":{"rendered":"\n<p>Autoridades en Honduras\ninformaron que se elev\u00f3 a 18 la cifra de presos muertos en un tiroteo que se\nregistr\u00f3 este viernes.<\/p>\n\n\n\n<p>El evento sucedi\u00f3 a un d\u00eda de que\nuna junta interventora tomara el control del sistema penitenciario, inform\u00f3 una\nfuente oficial.<\/p>\n\n\n\n<p>\u00abSe maneja un total de 18\nprivados de libertad muertos\u00bb, afirm\u00f3 el portavoz de la Fuerza de Seguridad\nInterinstitucional Nacional (Fusina), Jos\u00e9 Coello. (EN)<br>\n<br>\n<\/p>\n","protected":false},"excerpt":{"rendered":"<p>Autoridades en Honduras informaron que se elev\u00f3 a 18 la cifra de presos muertos en un tiroteo que se registr\u00f3 este viernes. El evento sucedi\u00f3 a un d\u00eda de que una junta interventora tomara el control del sistema penitenciario, inform\u00f3 una fuente oficial. \u00abSe maneja un total de 18 privados de libertad muertos\u00bb, afirm\u00f3 el [&hellip;]<\/p>\n","protected":false},"author":2,"featured_media":156879,"comment_status":"closed","ping_status":"closed","sticky":false,"template":"","format":"standard","meta":{"footnotes":""},"categories":[8],"tags":[],"class_list":{"0":"post-156878","1":"post","2":"type-post","3":"status-publish","4":"format-standard","5":"has-post-thumbnail","7":"category-internacionales"},"_links":{"self":[{"href":"https:\/\/elluchador.info\/index.php?rest_route=\/wp\/v2\/posts\/156878","targetHints":{"allow":["GET"]}}],"collection":[{"href":"https:\/\/elluchador.info\/index.php?rest_route=\/wp\/v2\/posts"}],"about":[{"href":"https:\/\/elluchador.info\/index.php?rest_route=\/wp\/v2\/types\/post"}],"author":[{"embeddable":true,"href":"https:\/\/elluchador.info\/index.php?rest_route=\/wp\/v2\/users\/2"}],"replies":[{"embeddable":true,"href":"https:\/\/elluchador.info\/index.php?rest_route=%2Fwp%2Fv2%2Fcomments&post=156878"}],"version-history":[{"count":1,"href":"https:\/\/elluchador.info\/index.php?rest_route=\/wp\/v2\/posts\/156878\/revisions"}],"predecessor-version":[{"id":156880,"href":"https:\/\/elluchador.info\/index.php?rest_route=\/wp\/v2\/posts\/156878\/revisions\/156880"}],"wp:featuredmedia":[{"embeddable":true,"href":"https:\/\/elluchador.info\/index.php?rest_route=\/wp\/v2\/media\/156879"}],"wp:attachment":[{"href":"https:\/\/elluchador.info\/index.php?rest_route=%2Fwp%2Fv2%2Fmedia&parent=156878"}],"wp:term":[{"taxonomy":"category","embeddable":true,"href":"https:\/\/elluchador.info\/index.php?rest_route=%2Fwp%2Fv2%2Fcategories&post=156878"},{"taxonomy":"post_tag","embeddable":true,"href":"https:\/\/elluchador.info\/index.php?rest_route=%2Fwp%2Fv2%2Ftags&post=156878"}],"curies":[{"name":"wp","href":"https:\/\/api.w.org\/{rel}","templated":true}]}}