{"id":156903,"date":"2019-12-21T21:00:20","date_gmt":"2019-12-22T01:00:20","guid":{"rendered":"https:\/\/elluchador.info\/web\/?p=156903"},"modified":"2019-12-21T10:28:15","modified_gmt":"2019-12-21T14:28:15","slug":"gnb-aprehende-ciudadano-con-arma-de-fuego-en-bolivar","status":"publish","type":"post","link":"https:\/\/elluchador.info\/?p=156903","title":{"rendered":"GNB aprehende ciudadano con arma de fuego en Bol\u00edvar"},"content":{"rendered":"\n<p>Funcionarios de la&nbsp;<strong>Guardia Nacional Bolivariana&nbsp;<\/strong>(GNB) en el estado Bol\u00edvar aprehendieron a un ciudadano en el sector Vista Alegre de la poblaci\u00f3n de San F\u00e9lix con un arma de fuego no industrializada, inform\u00f3 el Comandante de la Zona N\u00b0 62, G\/B Adolfo Rodr\u00edguez Cepeda. &nbsp;<\/p>\n\n\n\n<p>Detall\u00f3 que el detenido fue identificado como Yohan Jos\u00e9 Maican Rodr\u00edguez (22), quien fue capturado por militares adscritos al Destacamento de Seguridad Urbana portando el facs\u00edmil de revolver.<\/p>\n\n\n\n<p>Mencion\u00f3 que fue notificada la Fiscal\u00eda del Ministerio P\u00fablico de Guardia sobre dicho procedimiento.<\/p>\n\n\n\n<p><strong>Procedimiento de resguardo minero<\/strong><\/p>\n\n\n\n<p>De igual forma, el Comandante de la Zona N\u00b0 62 GNB a\u00f1adi\u00f3 que efectivos adscritos al Destacamento 624 retuvieron al ciudadano Eloy Alcover (39) con 200 sacos vac\u00edos, un par de martillos para molino, 04 barras de hierro (papelones) y una bombona de ox\u00edgeno de 60kg.<\/p>\n\n\n\n<p>El General Rodr\u00edguez Cepeda indic\u00f3 que fue notificada la Fiscal\u00eda 12 del Ministerio P\u00fablico por contravenci\u00f3n al art\u00edculo 49 del Reglamento General de Minas.\u00a0(YVKE Mundial)<\/p>\n","protected":false},"excerpt":{"rendered":"<p>Funcionarios de la&nbsp;Guardia Nacional Bolivariana&nbsp;(GNB) en el estado Bol\u00edvar aprehendieron a un ciudadano en el sector Vista Alegre de la poblaci\u00f3n de San F\u00e9lix con un arma de fuego no industrializada, inform\u00f3 el Comandante de la Zona N\u00b0 62, G\/B Adolfo Rodr\u00edguez Cepeda. &nbsp; Detall\u00f3 que el detenido fue identificado como Yohan Jos\u00e9 Maican Rodr\u00edguez [&hellip;]<\/p>\n","protected":false},"author":2,"featured_media":156904,"comment_status":"closed","ping_status":"closed","sticky":false,"template":"","format":"standard","meta":{"footnotes":""},"categories":[5,13],"tags":[],"class_list":{"0":"post-156903","1":"post","2":"type-post","3":"status-publish","4":"format-standard","5":"has-post-thumbnail","7":"category-destacado","8":"category-sucesos"},"_links":{"self":[{"href":"https:\/\/elluchador.info\/index.php?rest_route=\/wp\/v2\/posts\/156903","targetHints":{"allow":["GET"]}}],"collection":[{"href":"https:\/\/elluchador.info\/index.php?rest_route=\/wp\/v2\/posts"}],"about":[{"href":"https:\/\/elluchador.info\/index.php?rest_route=\/wp\/v2\/types\/post"}],"author":[{"embeddable":true,"href":"https:\/\/elluchador.info\/index.php?rest_route=\/wp\/v2\/users\/2"}],"replies":[{"embeddable":true,"href":"https:\/\/elluchador.info\/index.php?rest_route=%2Fwp%2Fv2%2Fcomments&post=156903"}],"version-history":[{"count":1,"href":"https:\/\/elluchador.info\/index.php?rest_route=\/wp\/v2\/posts\/156903\/revisions"}],"predecessor-version":[{"id":156905,"href":"https:\/\/elluchador.info\/index.php?rest_route=\/wp\/v2\/posts\/156903\/revisions\/156905"}],"wp:featuredmedia":[{"embeddable":true,"href":"https:\/\/elluchador.info\/index.php?rest_route=\/wp\/v2\/media\/156904"}],"wp:attachment":[{"href":"https:\/\/elluchador.info\/index.php?rest_route=%2Fwp%2Fv2%2Fmedia&parent=156903"}],"wp:term":[{"taxonomy":"category","embeddable":true,"href":"https:\/\/elluchador.info\/index.php?rest_route=%2Fwp%2Fv2%2Fcategories&post=156903"},{"taxonomy":"post_tag","embeddable":true,"href":"https:\/\/elluchador.info\/index.php?rest_route=%2Fwp%2Fv2%2Ftags&post=156903"}],"curies":[{"name":"wp","href":"https:\/\/api.w.org\/{rel}","templated":true}]}}