{"id":156906,"date":"2019-12-21T21:10:18","date_gmt":"2019-12-22T01:10:18","guid":{"rendered":"https:\/\/elluchador.info\/web\/?p=156906"},"modified":"2019-12-21T10:31:27","modified_gmt":"2019-12-21T14:31:27","slug":"asamblea-cubana-elige-primer-ministro","status":"publish","type":"post","link":"https:\/\/elluchador.info\/?p=156906","title":{"rendered":"Asamblea cubana elige Primer Ministro"},"content":{"rendered":"\n<p>\n\nLa&nbsp;<strong>Asamblea Nacional del Poder Popular&nbsp;<\/strong>(ANPP) elige hoy el cargo de Primer Ministro, que ser\u00e1 propuesto por el presidente cubano,<strong>&nbsp;Miguel D\u00edaz-Canel<\/strong>, y requerir\u00e1 de la mayor\u00eda absoluta del voto de los diputados.<\/p>\n\n\n\n<p>Resulta un puesto que vuelve y que desempe\u00f1\u00f3 el l\u00edder hist\u00f3rico de la Revoluci\u00f3n Cubana,<strong>&nbsp;Fidel Castro,<\/strong>&nbsp;desde febrero de 1959 hasta diciembre de 1976.La gesti\u00f3n del jefe de Gobierno ser\u00e1 por el periodo de cinco a\u00f1os y es responsable ante el Parlamento y el presidente de la Rep\u00fablica, a los cuales rinde cuenta e informa de su gesti\u00f3n, de la del Consejo de Ministros o de su Comit\u00e9 Ejecutivo, en las ocasiones que se le indique.<\/p>\n\n\n\n<p>La ANPP tambi\u00e9n designar\u00e1 a los viceprimeros ministros, al secretario del Consejo de Ministros y dem\u00e1s miembros del gabinete, igualmente nominados por D\u00edaz-Canel.<\/p>\n\n\n\n<p>Todo ello resulta un mandato de la Constituci\u00f3n proclamada en abril y significar\u00e1 un pelda\u00f1o superior en la institucionalidad y la gesti\u00f3n ejecutiva y administrativa.<\/p>\n\n\n\n<p>La v\u00edspera los parlamentarios aprobaron las leyes para la Organizaci\u00f3n y Funcionamiento de la Asamblea Nacional del Poder Popular y del Consejo de Estado, y de las Asambleas Municipales del Poder Popular y de los Consejos Populares.<\/p>\n\n\n\n<p>Asimismo dieron luz verde al presupuesto del Estado para el a\u00f1o 2020, para el cual se asegurar\u00e1n servicios b\u00e1sicos a la poblaci\u00f3n y recursos para el desarrollo de programas como el de construcci\u00f3n de viviendas, turismo, energ\u00edas renovables e infraestructura hidr\u00e1ulica, entre otros.<\/p>\n\n\n\n<p>El plan 2020 de la econom\u00eda ser\u00e1 sometido a consultas ciudadanas, con el objetivo de involucrar a la poblaci\u00f3n en su control y ejecuci\u00f3n.<\/p>\n\n\n\n<p>El Parlamento cubano concluye el a\u00f1o con una intensa actividad legislativa, que incluy\u00f3 la elecci\u00f3n de los principales cargos del Estado y la aprobaci\u00f3n de nuevas leyes, por mandato de la nueva carta magna. (YVKE Mundial)<\/p>\n","protected":false},"excerpt":{"rendered":"<p>La&nbsp;Asamblea Nacional del Poder Popular&nbsp;(ANPP) elige hoy el cargo de Primer Ministro, que ser\u00e1 propuesto por el presidente cubano,&nbsp;Miguel D\u00edaz-Canel, y requerir\u00e1 de la mayor\u00eda absoluta del voto de los diputados. Resulta un puesto que vuelve y que desempe\u00f1\u00f3 el l\u00edder hist\u00f3rico de la Revoluci\u00f3n Cubana,&nbsp;Fidel Castro,&nbsp;desde febrero de 1959 hasta diciembre de 1976.La gesti\u00f3n [&hellip;]<\/p>\n","protected":false},"author":2,"featured_media":156907,"comment_status":"closed","ping_status":"closed","sticky":false,"template":"","format":"standard","meta":{"footnotes":""},"categories":[8],"tags":[],"class_list":{"0":"post-156906","1":"post","2":"type-post","3":"status-publish","4":"format-standard","5":"has-post-thumbnail","7":"category-internacionales"},"_links":{"self":[{"href":"https:\/\/elluchador.info\/index.php?rest_route=\/wp\/v2\/posts\/156906","targetHints":{"allow":["GET"]}}],"collection":[{"href":"https:\/\/elluchador.info\/index.php?rest_route=\/wp\/v2\/posts"}],"about":[{"href":"https:\/\/elluchador.info\/index.php?rest_route=\/wp\/v2\/types\/post"}],"author":[{"embeddable":true,"href":"https:\/\/elluchador.info\/index.php?rest_route=\/wp\/v2\/users\/2"}],"replies":[{"embeddable":true,"href":"https:\/\/elluchador.info\/index.php?rest_route=%2Fwp%2Fv2%2Fcomments&post=156906"}],"version-history":[{"count":1,"href":"https:\/\/elluchador.info\/index.php?rest_route=\/wp\/v2\/posts\/156906\/revisions"}],"predecessor-version":[{"id":156908,"href":"https:\/\/elluchador.info\/index.php?rest_route=\/wp\/v2\/posts\/156906\/revisions\/156908"}],"wp:featuredmedia":[{"embeddable":true,"href":"https:\/\/elluchador.info\/index.php?rest_route=\/wp\/v2\/media\/156907"}],"wp:attachment":[{"href":"https:\/\/elluchador.info\/index.php?rest_route=%2Fwp%2Fv2%2Fmedia&parent=156906"}],"wp:term":[{"taxonomy":"category","embeddable":true,"href":"https:\/\/elluchador.info\/index.php?rest_route=%2Fwp%2Fv2%2Fcategories&post=156906"},{"taxonomy":"post_tag","embeddable":true,"href":"https:\/\/elluchador.info\/index.php?rest_route=%2Fwp%2Fv2%2Ftags&post=156906"}],"curies":[{"name":"wp","href":"https:\/\/api.w.org\/{rel}","templated":true}]}}