{"id":156909,"date":"2019-12-21T23:31:36","date_gmt":"2019-12-22T03:31:36","guid":{"rendered":"https:\/\/elluchador.info\/web\/?p=156909"},"modified":"2019-12-21T10:36:08","modified_gmt":"2019-12-21T14:36:08","slug":"la-vinotinto-culmino-el-2019-en-el-puesto-25-en-ranking-de-la-fifa","status":"publish","type":"post","link":"https:\/\/elluchador.info\/?p=156909","title":{"rendered":"La Vinotinto culmin\u00f3 el 2019 en el puesto 25 en ranking de la FIFA"},"content":{"rendered":"\n<p>La Federaci\u00f3n Internacional de F\u00fatbol y Asociados&nbsp;<strong>(FIFA)<\/strong>&nbsp;public\u00f3 el jueves de esta semana la \u00faltima actualizaci\u00f3n del ranking de selecciones correspondiente al mes de diciembre, donde la selecci\u00f3n nacional volvi\u00f3 a repetir en la casilla 25 con un total de&nbsp;<strong>1.517 puntos<\/strong>.<\/p>\n\n\n\n<p>Tras los resultados obtenidos por la&nbsp;<strong>Vinotinto<\/strong>&nbsp;en las \u00faltimas tres fechas&nbsp;<strong>FIFA&nbsp;<\/strong>entre septiembre, octubre y noviembre, que dejaron un saldo positivo de tres victorias y un empate, el combinado criollo alcanz\u00f3 el hist\u00f3rico puesto.<\/p>\n\n\n\n<p>Recordemos que con anterioridad, bajo el mandato del seleccionador nacional&nbsp;<strong>Rafael Dudamel,<\/strong>&nbsp;la \u00abVinotinto\u00bb rompi\u00f3 su propio r\u00e9cord en par de ocasiones: en octubre de 2018 igual\u00f3 la marca que hab\u00eda dejado&nbsp;<strong>C\u00e9sar Far\u00edas<\/strong>&nbsp;desde 2014 (puesto 29) y luego en julio de 2019 se escal\u00f3 hasta la posici\u00f3n 26.<\/p>\n\n\n\n<p>Esta haza\u00f1a es una motivaci\u00f3n m\u00e1s para el grupo de cara a las eliminatorias sudamericanas de&nbsp;<strong>Catar 2022,<\/strong>&nbsp;que iniciar\u00e1n el pr\u00f3ximo mes de marzo, y tambi\u00e9n para la Copa Am\u00e9rica a disputarse entre Colombia y Argentina en el mes de junio de 2020, siendo estos los dos retos m\u00e1s cercanos que tienen los criollos.<\/p>\n\n\n\n<p>Por otra parte, dicho puesto 25 reafirma la gran actuaci\u00f3n que tuvo la Vinotinto durante este a\u00f1o 2019 y que dej\u00f3 un positivo registro en trece encuentros disputados con seis victorias, cuatro empates y tres derrotas, sumando 22 goles a favor y 13 en contra. (YVKE Mundial)<\/p>\n","protected":false},"excerpt":{"rendered":"<p>La Federaci\u00f3n Internacional de F\u00fatbol y Asociados&nbsp;(FIFA)&nbsp;public\u00f3 el jueves de esta semana la \u00faltima actualizaci\u00f3n del ranking de selecciones correspondiente al mes de diciembre, donde la selecci\u00f3n nacional volvi\u00f3 a repetir en la casilla 25 con un total de&nbsp;1.517 puntos. Tras los resultados obtenidos por la&nbsp;Vinotinto&nbsp;en las \u00faltimas tres fechas&nbsp;FIFA&nbsp;entre septiembre, octubre y noviembre, que [&hellip;]<\/p>\n","protected":false},"author":2,"featured_media":156910,"comment_status":"closed","ping_status":"closed","sticky":false,"template":"","format":"standard","meta":{"footnotes":""},"categories":[4],"tags":[],"class_list":{"0":"post-156909","1":"post","2":"type-post","3":"status-publish","4":"format-standard","5":"has-post-thumbnail","7":"category-deportes"},"_links":{"self":[{"href":"https:\/\/elluchador.info\/index.php?rest_route=\/wp\/v2\/posts\/156909","targetHints":{"allow":["GET"]}}],"collection":[{"href":"https:\/\/elluchador.info\/index.php?rest_route=\/wp\/v2\/posts"}],"about":[{"href":"https:\/\/elluchador.info\/index.php?rest_route=\/wp\/v2\/types\/post"}],"author":[{"embeddable":true,"href":"https:\/\/elluchador.info\/index.php?rest_route=\/wp\/v2\/users\/2"}],"replies":[{"embeddable":true,"href":"https:\/\/elluchador.info\/index.php?rest_route=%2Fwp%2Fv2%2Fcomments&post=156909"}],"version-history":[{"count":1,"href":"https:\/\/elluchador.info\/index.php?rest_route=\/wp\/v2\/posts\/156909\/revisions"}],"predecessor-version":[{"id":156911,"href":"https:\/\/elluchador.info\/index.php?rest_route=\/wp\/v2\/posts\/156909\/revisions\/156911"}],"wp:featuredmedia":[{"embeddable":true,"href":"https:\/\/elluchador.info\/index.php?rest_route=\/wp\/v2\/media\/156910"}],"wp:attachment":[{"href":"https:\/\/elluchador.info\/index.php?rest_route=%2Fwp%2Fv2%2Fmedia&parent=156909"}],"wp:term":[{"taxonomy":"category","embeddable":true,"href":"https:\/\/elluchador.info\/index.php?rest_route=%2Fwp%2Fv2%2Fcategories&post=156909"},{"taxonomy":"post_tag","embeddable":true,"href":"https:\/\/elluchador.info\/index.php?rest_route=%2Fwp%2Fv2%2Ftags&post=156909"}],"curies":[{"name":"wp","href":"https:\/\/api.w.org\/{rel}","templated":true}]}}