{"id":156912,"date":"2019-12-22T05:00:10","date_gmt":"2019-12-22T09:00:10","guid":{"rendered":"https:\/\/elluchador.info\/web\/?p=156912"},"modified":"2019-12-21T10:39:21","modified_gmt":"2019-12-21T14:39:21","slug":"revelan-aumento-de-suicidios-en-ninos-y-jovenes-afro-en-ee-uu","status":"publish","type":"post","link":"https:\/\/elluchador.info\/?p=156912","title":{"rendered":"Revelan aumento de suicidios en ni\u00f1os y j\u00f3venes afro en EE.UU"},"content":{"rendered":"\n<p>Un informe del&nbsp;<strong>Congreso de los Estados Unidos&nbsp;<\/strong>(EE.UU.) titulado \u00abTocar la Alarma\u00bb, revel\u00f3 este jueves que el suicidio&nbsp;es la segunda&nbsp;causa de muerte&nbsp;de los&nbsp;<strong>afronorteamericanos<\/strong>&nbsp;entre 10 y 19 a\u00f1os.&nbsp;<\/p>\n\n\n\n<p>La investigaci\u00f3n plantea que la tasa de mortalidad por suicidio entre los j\u00f3venes afrodescendientes en el pa\u00eds pas\u00f3 de 2.55 por 100.000 en 2007 a 4.82 por 100.000 en 2017, a\u00f1o en que se registraron m\u00e1s de 3.000 decesos de ni\u00f1os y adolescentes de esas edades.<\/p>\n\n\n\n<p>Seg\u00fan detalla el reporte de 38 p\u00e1ginas, elaborado por el&nbsp;<strong>Caucus Negro del Congreso<\/strong>, los intentos de suicidio por adolescentes de ambos sexos aumentaron en un 73 por ciento desde 1991 a 2017.<\/p>\n\n\n\n<p>La representante dem\u00f3crata,&nbsp;<strong>Bonnie Coleman Watson<\/strong>, declar\u00f3 que el \u00edndice de suicidio de los j\u00f3venes negros se increment\u00f3 m\u00e1s r\u00e1pido que en cualquier otro grupo, lo cual resulta muy preocupante, \u201chay programas basados en evidencia, hay formas de apoyar las oportunidades de hacer la investigaci\u00f3n para comprender las particularidades de nuestra comunidad y los traumas asociados con nuestros ni\u00f1os y su salud mental\u201d, agreg\u00f3.<\/p>\n\n\n\n<p>Coleman Watson&nbsp;anunci\u00f3 una legislaci\u00f3n pendiente dirigida a abordar la salud mental de los j\u00f3venes en comunidades afronorteamericanas como parte de la cual se tomar\u00edan medidas como aumentar la cantidad de investigaci\u00f3n relacionada con la salud mental de los j\u00f3venes negros y el suicidio.<\/p>\n\n\n\n<p>Por su parte, el director ejecutivo del Instituto McSilver para la Pol\u00edtica e Investigaci\u00f3n de la<strong>&nbsp;Pobreza,<\/strong>&nbsp;doctor&nbsp;Michael A. Lindsey, consider\u00f3 que \u201cel suicidio juvenil negro y el comportamiento suicida est\u00e1n aumentando, desafiando las tendencias hist\u00f3ricas. La brecha se est\u00e1 reduciendo entre los j\u00f3venes blancos y negros, y debemos llegar al fondo de por qu\u00e9\u201d.<\/p>\n\n\n\n<p>De acuerdo con el experto, a cargo del grupo de trabajo que elabor\u00f3 el informe, los signos de suicidio en la\u00a0<strong>juventud\u00a0<\/strong>negra se pasan por alto con demasiada frecuencia y no se comprenden bien, por lo que resultan necesarios m\u00e1s estudios que ayuden a encontrar respuestas a esta creciente epidemia en la comunidad afronorteamericana. (Telesur)<\/p>\n\n\n\n<h3 class=\"wp-block-heading\"><\/h3>\n","protected":false},"excerpt":{"rendered":"<p>Un informe del&nbsp;Congreso de los Estados Unidos&nbsp;(EE.UU.) titulado \u00abTocar la Alarma\u00bb, revel\u00f3 este jueves que el suicidio&nbsp;es la segunda&nbsp;causa de muerte&nbsp;de los&nbsp;afronorteamericanos&nbsp;entre 10 y 19 a\u00f1os.&nbsp; La investigaci\u00f3n plantea que la tasa de mortalidad por suicidio entre los j\u00f3venes afrodescendientes en el pa\u00eds pas\u00f3 de 2.55 por 100.000 en 2007 a 4.82 por 100.000 en [&hellip;]<\/p>\n","protected":false},"author":2,"featured_media":156913,"comment_status":"closed","ping_status":"closed","sticky":false,"template":"","format":"standard","meta":{"footnotes":""},"categories":[8],"tags":[],"class_list":{"0":"post-156912","1":"post","2":"type-post","3":"status-publish","4":"format-standard","5":"has-post-thumbnail","7":"category-internacionales"},"_links":{"self":[{"href":"https:\/\/elluchador.info\/index.php?rest_route=\/wp\/v2\/posts\/156912","targetHints":{"allow":["GET"]}}],"collection":[{"href":"https:\/\/elluchador.info\/index.php?rest_route=\/wp\/v2\/posts"}],"about":[{"href":"https:\/\/elluchador.info\/index.php?rest_route=\/wp\/v2\/types\/post"}],"author":[{"embeddable":true,"href":"https:\/\/elluchador.info\/index.php?rest_route=\/wp\/v2\/users\/2"}],"replies":[{"embeddable":true,"href":"https:\/\/elluchador.info\/index.php?rest_route=%2Fwp%2Fv2%2Fcomments&post=156912"}],"version-history":[{"count":1,"href":"https:\/\/elluchador.info\/index.php?rest_route=\/wp\/v2\/posts\/156912\/revisions"}],"predecessor-version":[{"id":156914,"href":"https:\/\/elluchador.info\/index.php?rest_route=\/wp\/v2\/posts\/156912\/revisions\/156914"}],"wp:featuredmedia":[{"embeddable":true,"href":"https:\/\/elluchador.info\/index.php?rest_route=\/wp\/v2\/media\/156913"}],"wp:attachment":[{"href":"https:\/\/elluchador.info\/index.php?rest_route=%2Fwp%2Fv2%2Fmedia&parent=156912"}],"wp:term":[{"taxonomy":"category","embeddable":true,"href":"https:\/\/elluchador.info\/index.php?rest_route=%2Fwp%2Fv2%2Fcategories&post=156912"},{"taxonomy":"post_tag","embeddable":true,"href":"https:\/\/elluchador.info\/index.php?rest_route=%2Fwp%2Fv2%2Ftags&post=156912"}],"curies":[{"name":"wp","href":"https:\/\/api.w.org\/{rel}","templated":true}]}}