{"id":157212,"date":"2019-12-26T12:21:41","date_gmt":"2019-12-26T16:21:41","guid":{"rendered":"https:\/\/elluchador.info\/web\/?p=157212"},"modified":"2019-12-26T12:11:34","modified_gmt":"2019-12-26T16:11:34","slug":"fedecamaras-bolivar-2020-es-el-ano-de-la-diversificacion-productiva","status":"publish","type":"post","link":"https:\/\/elluchador.info\/?p=157212","title":{"rendered":"Fedec\u00e1maras Bol\u00edvar: 2020 es el a\u00f1o de la diversificaci\u00f3n productiva"},"content":{"rendered":"\n<p>El 2019 fue un a\u00f1o en el que la producci\u00f3n\nindustrial perdi\u00f3 la fuerza y la importancia que le caracterizaba en el estado\ny en el pa\u00eds, los servicios b\u00e1sicos han deca\u00eddo dejando m\u00e1s de un apag\u00f3n\nnacional, e innumerables apagones sectorizados, y las interminables colas para\nsurtir gasolina se han convertido en algo rutinario para el venezolano.<\/p>\n\n\n\n<p>Para el\npresidente de Fedec\u00e1maras Bol\u00edvar, Jos\u00e9 Alfredo Olivo, ante este panorama, la\ninstituci\u00f3n se mantuvo trabajando para preservar la actividad econ\u00f3mica, los\nnegocios abiertos, y adem\u00e1s para contribuir con el \u00e1nimo de los empresarios,\ncon el prop\u00f3sito de que estos mantuvieran las santamar\u00edas arriba, pues considera\nque de ellos depende en gran parte la recuperaci\u00f3n econ\u00f3mica. Es gracias a esto\nque por primera vez, a\u00fan pese a las dificultades, la econom\u00eda privada\nrepresenta una cuarta parte de los ingresos en divisas del pa\u00eds, sin olvidar lo\nque por v\u00eda de impuestos y otros aportes, el sector privado significa para la\neconom\u00eda del pa\u00eds.<\/p>\n\n\n\n<p>Para\nOlivo, el principal ideario que mueve a los empresarios es el creer que en el\nfuturo las cosas mejorar\u00e1n. Esto es lo que est\u00e1 atrayendo los capitales en la\nactualidad, que se est\u00e1n reflejando en la apertura de nuevos comercios.<\/p>\n\n\n\n<p>\u201cNos\ninteresa que cada vez sean m\u00e1s las empresas que abran y que esta zona se\nconvierta en un polo de atracci\u00f3n y de desarrollo para que la econom\u00eda en la\nregi\u00f3n siga creciendo\u201d.<\/p>\n\n\n\n<p>Adem\u00e1s,\nindic\u00f3 que la frontera con Brasil es un factor que motiva la inversi\u00f3n.<\/p>\n\n\n\n<p>\u201cEl\ndecaimiento de las industrias b\u00e1sicas, que ya no constituir\u00e1n el ingreso base\nde la regi\u00f3n, debe ser acompa\u00f1ado este 2020 por un proceso de diversificaci\u00f3n\nproductiva, que cambie la din\u00e1mica entre los ciudadanos y el estado: decirle\nadi\u00f3s a la dependencia econ\u00f3mica\u201d, afirm\u00f3 Olivo.<\/p>\n\n\n\n<p>Por su\nparte, el primer vicepresidente de Fedec\u00e1maras Bol\u00edvar, Austerio Gonz\u00e1lez, se\npronunci\u00f3 sobre el caso espec\u00edfico de Ciudad Bol\u00edvar, en donde estas fechas, en\ncomparaci\u00f3n con el a\u00f1o anterior, han mostrado una merma en el consumo.<\/p>\n\n\n\n<p>\u201cLos\nnegocios han rotado menos de la mitad de lo que rotaron el a\u00f1o pasado e\nindudablemente se debe a la poca capacidad adquisitiva del venezolano\u201d, expres\u00f3.<\/p>\n\n\n\n<p>Adem\u00e1s,\nse\u00f1ala que el tema de la gasolina ha tenido un fuerte impacto en la regi\u00f3n, y\nen su econom\u00eda, debido a que \u201cestanca a los comercios y convierte a la ciudad\nen estacionamientos\u201d.<\/p>\n\n\n\n<p>Visi\u00f3n\ndel 2020<\/p>\n\n\n\n<p>Sin\nembargo, pese al panorama actual, Fedec\u00e1maras considera que el 2020 est\u00e1\nsignado por la existencia de grandes brechas que retratan las dos Venezuela, por\nun lado, un pa\u00eds destruido como consecuencia del fracaso de las err\u00e1ticas\npol\u00edticas p\u00fablicas y econ\u00f3micas; y por el otro, un resurgimiento de la econom\u00eda\ninfluenciada por las fuerzas del mercado que se imponen a las ideolog\u00edas, en donde\nla sociedad ha decidido emprender y prevalecer pese a las constantes\nvicisitudes.<\/p>\n\n\n\n<p>Tanto\npara Fedec\u00e1maras nacional, como para su cap\u00edtulo regional en el estado Bol\u00edvar,\neste 2020 debe rescatar el di\u00e1logo social como herramienta para canalizar la\nconstrucci\u00f3n de soluciones consensuadas, de manera que se garantice la\nverdadera participaci\u00f3n de todos los actores de la sociedad en el dise\u00f1o de un\nsistema inclusivo y generador de oportunidades para todos en el pa\u00eds.<\/p>\n\n\n\n<p>Adem\u00e1s,\nel cap\u00edtulo Bol\u00edvar de la instituci\u00f3n destac\u00f3 las consecuencias de las\npol\u00edticas de impuestos de los municipios, las cuales consideran como un factor\nque agrava m\u00e1s la econom\u00eda, porque influye en los costos operativos y no\ngeneran una mejora en las condiciones de los municipios. <\/p>\n\n\n\n<p>\u201cEstos\nelevados impuestos no se ven retribuidos en la ciudadan\u00eda: los servicios\np\u00fablicos se han deteriorado, y no se tiene acceso a la gasolina\u201d, expres\u00f3\nAusterio Gonz\u00e1lez.<\/p>\n\n\n\n<p>El\nresultado de esta situaci\u00f3n, seg\u00fan explican, ser\u00e1 que el ciudadano y empresario\ncomenzar\u00e1n a ser m\u00e1s exigentes.<\/p>\n\n\n\n<p>Finalmente, como han venido haciendo, asumen nuevamente el compromiso de reactivar, recuperar y mantener el tejido empresarial, mediante unas reglas de juego claras, que garanticen altos niveles de productividad y competitividad, y as\u00ed contribuir a la superaci\u00f3n de la tragedia humanitaria que se vive en el pa\u00eds.<\/p>\n\n\n\n<p><\/p>\n","protected":false},"excerpt":{"rendered":"<p>El 2019 fue un a\u00f1o en el que la producci\u00f3n industrial perdi\u00f3 la fuerza y la importancia que le caracterizaba en el estado y en el pa\u00eds, los servicios b\u00e1sicos han deca\u00eddo dejando m\u00e1s de un apag\u00f3n nacional, e innumerables apagones sectorizados, y las interminables colas para surtir gasolina se han convertido en algo rutinario [&hellip;]<\/p>\n","protected":false},"author":2,"featured_media":157213,"comment_status":"closed","ping_status":"closed","sticky":false,"template":"","format":"standard","meta":{"footnotes":""},"categories":[5,12],"tags":[],"class_list":{"0":"post-157212","1":"post","2":"type-post","3":"status-publish","4":"format-standard","5":"has-post-thumbnail","7":"category-destacado","8":"category-regionales"},"_links":{"self":[{"href":"https:\/\/elluchador.info\/index.php?rest_route=\/wp\/v2\/posts\/157212","targetHints":{"allow":["GET"]}}],"collection":[{"href":"https:\/\/elluchador.info\/index.php?rest_route=\/wp\/v2\/posts"}],"about":[{"href":"https:\/\/elluchador.info\/index.php?rest_route=\/wp\/v2\/types\/post"}],"author":[{"embeddable":true,"href":"https:\/\/elluchador.info\/index.php?rest_route=\/wp\/v2\/users\/2"}],"replies":[{"embeddable":true,"href":"https:\/\/elluchador.info\/index.php?rest_route=%2Fwp%2Fv2%2Fcomments&post=157212"}],"version-history":[{"count":1,"href":"https:\/\/elluchador.info\/index.php?rest_route=\/wp\/v2\/posts\/157212\/revisions"}],"predecessor-version":[{"id":157214,"href":"https:\/\/elluchador.info\/index.php?rest_route=\/wp\/v2\/posts\/157212\/revisions\/157214"}],"wp:featuredmedia":[{"embeddable":true,"href":"https:\/\/elluchador.info\/index.php?rest_route=\/wp\/v2\/media\/157213"}],"wp:attachment":[{"href":"https:\/\/elluchador.info\/index.php?rest_route=%2Fwp%2Fv2%2Fmedia&parent=157212"}],"wp:term":[{"taxonomy":"category","embeddable":true,"href":"https:\/\/elluchador.info\/index.php?rest_route=%2Fwp%2Fv2%2Fcategories&post=157212"},{"taxonomy":"post_tag","embeddable":true,"href":"https:\/\/elluchador.info\/index.php?rest_route=%2Fwp%2Fv2%2Ftags&post=157212"}],"curies":[{"name":"wp","href":"https:\/\/api.w.org\/{rel}","templated":true}]}}