{"id":157290,"date":"2019-12-27T10:46:54","date_gmt":"2019-12-27T14:46:54","guid":{"rendered":"https:\/\/elluchador.info\/web\/?p=157290"},"modified":"2019-12-27T10:36:25","modified_gmt":"2019-12-27T14:36:25","slug":"mueren-cuatro-personas-tras-volcarse-un-camion-que-trasladaba-perniles-de-los-clap","status":"publish","type":"post","link":"https:\/\/elluchador.info\/?p=157290","title":{"rendered":"Mueren cuatro personas tras volcarse un cami\u00f3n  que trasladaba perniles de los CLAP"},"content":{"rendered":"\n<p>Al menos cuatro personas fallecieron y cinco resultaron heridas\u00a0en el accidente de un cami\u00f3n cargado de perniles de los\u00a0<a rel=\"noreferrer noopener\" href=\"https:\/\/twitter.com\/ClapOficial?ref_src=twsrc%5Egoogle%7Ctwcamp%5Eserp%7Ctwgr%5Eauthor\" target=\"_blank\">CLAP<\/a>.<\/p>\n\n\n\n<p>El veh\u00edculo\u00a0se desplazaba por el kil\u00f3metro 183 de la autopista Valencia-Puerto Cabello, sector Trincheras cuando volc\u00f3.<\/p>\n\n\n\n<p>Tres de las personas que perdieron la vida fueron identificadas\u00a0como Jos\u00e9 Alfredo Gonz\u00e1lez Viscaya, Jairo Egidio Hern\u00e1ndez Marrufo, Jes\u00fas Andri\u00e1n Masabe Mart\u00ednez. De la cuarta a\u00fan se desconoce su identidad.<\/p>\n\n\n\n<p>El cami\u00f3n de carga pesada\u00a0llevaba 24 toneladas de perniles de la Empresa Estadal Alimentos Carabobo. El accidente se produjo porque el conductor del veh\u00edculo se trasladaba a exceso de velocidad, lo que origin\u00f3 que perdiera el control y se volcara<\/p>\n\n\n\n<p>En el sitio del hecho se presentaron comisiones de Protecci\u00f3n Civil, Bomberos, agentes de la Polic\u00eda Nacional Bolivariana, la Polic\u00eda Municipal de Puerto Cabello, as\u00ed como funcionarios de la Polic\u00eda del estado Carabobo.<\/p>\n\n\n\n<p>Tambi\u00e9n se present\u00f3 en el lugar personal del Instituto de Vialidad del estado Carabobo, responsable de recuperar la mercanc\u00eda para transportarla a un nuevo dep\u00f3sito de origen ya que\u00a0personas que se encontraban en la v\u00eda comenzaron a saquear la carga.<\/p>\n\n\n\n<p><strong>Elnacional.com<\/strong><\/p>\n","protected":false},"excerpt":{"rendered":"<p>Al menos cuatro personas fallecieron y cinco resultaron heridas\u00a0en el accidente de un cami\u00f3n cargado de perniles de los\u00a0CLAP. El veh\u00edculo\u00a0se desplazaba por el kil\u00f3metro 183 de la autopista Valencia-Puerto Cabello, sector Trincheras cuando volc\u00f3. Tres de las personas que perdieron la vida fueron identificadas\u00a0como Jos\u00e9 Alfredo Gonz\u00e1lez Viscaya, Jairo Egidio Hern\u00e1ndez Marrufo, Jes\u00fas Andri\u00e1n [&hellip;]<\/p>\n","protected":false},"author":2,"featured_media":157297,"comment_status":"closed","ping_status":"closed","sticky":false,"template":"","format":"standard","meta":{"footnotes":""},"categories":[5,13],"tags":[],"class_list":{"0":"post-157290","1":"post","2":"type-post","3":"status-publish","4":"format-standard","5":"has-post-thumbnail","7":"category-destacado","8":"category-sucesos"},"_links":{"self":[{"href":"https:\/\/elluchador.info\/index.php?rest_route=\/wp\/v2\/posts\/157290","targetHints":{"allow":["GET"]}}],"collection":[{"href":"https:\/\/elluchador.info\/index.php?rest_route=\/wp\/v2\/posts"}],"about":[{"href":"https:\/\/elluchador.info\/index.php?rest_route=\/wp\/v2\/types\/post"}],"author":[{"embeddable":true,"href":"https:\/\/elluchador.info\/index.php?rest_route=\/wp\/v2\/users\/2"}],"replies":[{"embeddable":true,"href":"https:\/\/elluchador.info\/index.php?rest_route=%2Fwp%2Fv2%2Fcomments&post=157290"}],"version-history":[{"count":1,"href":"https:\/\/elluchador.info\/index.php?rest_route=\/wp\/v2\/posts\/157290\/revisions"}],"predecessor-version":[{"id":157298,"href":"https:\/\/elluchador.info\/index.php?rest_route=\/wp\/v2\/posts\/157290\/revisions\/157298"}],"wp:featuredmedia":[{"embeddable":true,"href":"https:\/\/elluchador.info\/index.php?rest_route=\/wp\/v2\/media\/157297"}],"wp:attachment":[{"href":"https:\/\/elluchador.info\/index.php?rest_route=%2Fwp%2Fv2%2Fmedia&parent=157290"}],"wp:term":[{"taxonomy":"category","embeddable":true,"href":"https:\/\/elluchador.info\/index.php?rest_route=%2Fwp%2Fv2%2Fcategories&post=157290"},{"taxonomy":"post_tag","embeddable":true,"href":"https:\/\/elluchador.info\/index.php?rest_route=%2Fwp%2Fv2%2Ftags&post=157290"}],"curies":[{"name":"wp","href":"https:\/\/api.w.org\/{rel}","templated":true}]}}