{"id":157405,"date":"2019-12-29T19:34:59","date_gmt":"2019-12-29T23:34:59","guid":{"rendered":"https:\/\/elluchador.info\/web\/?p=157405"},"modified":"2019-12-29T10:37:02","modified_gmt":"2019-12-29T14:37:02","slug":"el-papa-lamenta-atentado-terrorista-en-somalia-y-reza-por-las-victimas","status":"publish","type":"post","link":"https:\/\/elluchador.info\/?p=157405","title":{"rendered":"El Papa lamenta atentado terrorista en Somalia y reza por las v\u00edctimas"},"content":{"rendered":"\n<p>El&nbsp;<strong>papa Francisco<\/strong>&nbsp;record\u00f3 y rez\u00f3 por las v\u00edctimas del atentado con coche bomba que caus\u00f3 al menos&nbsp;92 muertos&nbsp;en&nbsp;Mogadiscio, durante el tradicional \u00c1ngelus de los domingos en la&nbsp;<strong>plaza de&nbsp;San Pedro<\/strong>.<\/p>\n\n\n\n<p>\u201c<em>Recemos al Se\u00f1or por las v\u00edctimas del horrible atentado de ayer en Mogadiscio, Somalia<\/em>\u201c, dijo papa desde el&nbsp;<strong>balc\u00f3n de la Bas\u00edlica<\/strong>&nbsp;de san Pedro ante las miles de personas congregadas en la plaza.<\/p>\n\n\n\n<p>Y expres\u00f3 su&nbsp;<em>\u201ccercan\u00eda\u201d<\/em>&nbsp;a todos los familiares y allegados que lloran a los fallecidos.<\/p>\n\n\n\n<p>Seg\u00fan las \u00faltimas cifras de fuentes m\u00e9dicas,&nbsp;al menos 92 personas murieron y 128 resultaron heridas en ese ataque, ocurrido en hora punta en un puesto de control a las afueras de Mogadiscio, en la concurrida intersecci\u00f3n que conecta la capital somal\u00ed con la localidad de Afgoye.<\/p>\n\n\n\n<p>Agregaron que muchos de los heridos se est\u00e1n muriendo por la escasez de bolsas de sangre.<\/p>\n\n\n\n<p>Este atentado es el tercero m\u00e1s mort\u00edfero en la historia reciente de Mogadiscio, solo superado por el de Zoobe, con un cami\u00f3n bomba que caus\u00f3 en un mercado de la capital 587 muertos en 2017, y otro en 2011, cuando la explosi\u00f3n de un terrorista suicida de Al Shabab mat\u00f3 a m\u00e1s de un centenar de personas.<\/p>\n","protected":false},"excerpt":{"rendered":"<p>El&nbsp;papa Francisco&nbsp;record\u00f3 y rez\u00f3 por las v\u00edctimas del atentado con coche bomba que caus\u00f3 al menos&nbsp;92 muertos&nbsp;en&nbsp;Mogadiscio, durante el tradicional \u00c1ngelus de los domingos en la&nbsp;plaza de&nbsp;San Pedro. \u201cRecemos al Se\u00f1or por las v\u00edctimas del horrible atentado de ayer en Mogadiscio, Somalia\u201c, dijo papa desde el&nbsp;balc\u00f3n de la Bas\u00edlica&nbsp;de san Pedro ante las miles de [&hellip;]<\/p>\n","protected":false},"author":2,"featured_media":157406,"comment_status":"closed","ping_status":"closed","sticky":false,"template":"","format":"standard","meta":{"footnotes":""},"categories":[8],"tags":[],"class_list":{"0":"post-157405","1":"post","2":"type-post","3":"status-publish","4":"format-standard","5":"has-post-thumbnail","7":"category-internacionales"},"_links":{"self":[{"href":"https:\/\/elluchador.info\/index.php?rest_route=\/wp\/v2\/posts\/157405","targetHints":{"allow":["GET"]}}],"collection":[{"href":"https:\/\/elluchador.info\/index.php?rest_route=\/wp\/v2\/posts"}],"about":[{"href":"https:\/\/elluchador.info\/index.php?rest_route=\/wp\/v2\/types\/post"}],"author":[{"embeddable":true,"href":"https:\/\/elluchador.info\/index.php?rest_route=\/wp\/v2\/users\/2"}],"replies":[{"embeddable":true,"href":"https:\/\/elluchador.info\/index.php?rest_route=%2Fwp%2Fv2%2Fcomments&post=157405"}],"version-history":[{"count":1,"href":"https:\/\/elluchador.info\/index.php?rest_route=\/wp\/v2\/posts\/157405\/revisions"}],"predecessor-version":[{"id":157407,"href":"https:\/\/elluchador.info\/index.php?rest_route=\/wp\/v2\/posts\/157405\/revisions\/157407"}],"wp:featuredmedia":[{"embeddable":true,"href":"https:\/\/elluchador.info\/index.php?rest_route=\/wp\/v2\/media\/157406"}],"wp:attachment":[{"href":"https:\/\/elluchador.info\/index.php?rest_route=%2Fwp%2Fv2%2Fmedia&parent=157405"}],"wp:term":[{"taxonomy":"category","embeddable":true,"href":"https:\/\/elluchador.info\/index.php?rest_route=%2Fwp%2Fv2%2Fcategories&post=157405"},{"taxonomy":"post_tag","embeddable":true,"href":"https:\/\/elluchador.info\/index.php?rest_route=%2Fwp%2Fv2%2Ftags&post=157405"}],"curies":[{"name":"wp","href":"https:\/\/api.w.org\/{rel}","templated":true}]}}