{"id":157452,"date":"2019-12-30T11:43:10","date_gmt":"2019-12-30T15:43:10","guid":{"rendered":"https:\/\/elluchador.info\/web\/?p=157452"},"modified":"2019-12-30T11:23:32","modified_gmt":"2019-12-30T15:23:32","slug":"asesinaron-a-un-locutor-zuliano-en-bogota-e-hirieron-a-su-hijo-de-siete-anos-de-edad","status":"publish","type":"post","link":"https:\/\/elluchador.info\/?p=157452","title":{"rendered":"Asesinaron a un locutor zuliano en Bogot\u00e1 e hirieron a su hijo de siete a\u00f1os de edad"},"content":{"rendered":"\n<p>De un tiro asesinaron al locutor zuliano Junior\nBerr\u00edos en la ciudad de Bogot\u00e1, Colombia. Tambi\u00e9n hirieron a su hijo de siete\na\u00f1os de edad y a su cu\u00f1ado.<\/p>\n\n\n\n<p>La escena en un autob\u00fas entre varios peruanos y\nun venezolano que conmovi\u00f3 las redes sociales<\/p>\n\n\n\n<p>Se presume que el cu\u00f1ado, quien recibi\u00f3 13\nimpactos de bala, era el objetivo de los hampones, seg\u00fan la informaci\u00f3n publicada\npor Noticias Caracol.<\/p>\n\n\n\n<p>La familia se trasladaba en un veh\u00edculo cuando\neste fue interceptado por dos hombres que se desplazaban en moto, seg\u00fan la\nversi\u00f3n policial. Los delincuentes comenzaron a disparar sin mediar palabras.<\/p>\n\n\n\n<p>El hecho, registrado por c\u00e1maras de seguridad,\nocurri\u00f3 el pasado jueves en la localidad de Puente Aranda y las autoridades\nmanejan la hip\u00f3tesis de que se trata de un sicariato.<\/p>\n\n\n\n<p>Al menor de edad lo atendieron de emergencia en\nun centro de salud cercano y el herido se encontraba en cuidados intensivos.<\/p>\n\n\n\n<p>Junior Berr\u00edos recibi\u00f3 el t\u00edtulo de comunicador\nsocial en la Universidad Rafael Belloso Chac\u00edn, en el Zulia, y trabaj\u00f3 en\nvarios medios locales. Estaba residenciado en la capital colombiana desde hace\nvarios a\u00f1os juntos con su familia, de acuerdo con lo publicado por el medio.<\/p>\n\n\n\n<p>Las autoridades analizan los videos de las c\u00e1maras de seguridad para dar con los responsables del ataque.<\/p>\n\n\n\n<p><strong>ELnacional.com<\/strong><\/p>\n","protected":false},"excerpt":{"rendered":"<p>De un tiro asesinaron al locutor zuliano Junior Berr\u00edos en la ciudad de Bogot\u00e1, Colombia. Tambi\u00e9n hirieron a su hijo de siete a\u00f1os de edad y a su cu\u00f1ado. La escena en un autob\u00fas entre varios peruanos y un venezolano que conmovi\u00f3 las redes sociales Se presume que el cu\u00f1ado, quien recibi\u00f3 13 impactos de [&hellip;]<\/p>\n","protected":false},"author":2,"featured_media":157454,"comment_status":"closed","ping_status":"closed","sticky":false,"template":"","format":"standard","meta":{"footnotes":""},"categories":[5,13],"tags":[],"class_list":{"0":"post-157452","1":"post","2":"type-post","3":"status-publish","4":"format-standard","5":"has-post-thumbnail","7":"category-destacado","8":"category-sucesos"},"_links":{"self":[{"href":"https:\/\/elluchador.info\/index.php?rest_route=\/wp\/v2\/posts\/157452","targetHints":{"allow":["GET"]}}],"collection":[{"href":"https:\/\/elluchador.info\/index.php?rest_route=\/wp\/v2\/posts"}],"about":[{"href":"https:\/\/elluchador.info\/index.php?rest_route=\/wp\/v2\/types\/post"}],"author":[{"embeddable":true,"href":"https:\/\/elluchador.info\/index.php?rest_route=\/wp\/v2\/users\/2"}],"replies":[{"embeddable":true,"href":"https:\/\/elluchador.info\/index.php?rest_route=%2Fwp%2Fv2%2Fcomments&post=157452"}],"version-history":[{"count":1,"href":"https:\/\/elluchador.info\/index.php?rest_route=\/wp\/v2\/posts\/157452\/revisions"}],"predecessor-version":[{"id":157455,"href":"https:\/\/elluchador.info\/index.php?rest_route=\/wp\/v2\/posts\/157452\/revisions\/157455"}],"wp:featuredmedia":[{"embeddable":true,"href":"https:\/\/elluchador.info\/index.php?rest_route=\/wp\/v2\/media\/157454"}],"wp:attachment":[{"href":"https:\/\/elluchador.info\/index.php?rest_route=%2Fwp%2Fv2%2Fmedia&parent=157452"}],"wp:term":[{"taxonomy":"category","embeddable":true,"href":"https:\/\/elluchador.info\/index.php?rest_route=%2Fwp%2Fv2%2Fcategories&post=157452"},{"taxonomy":"post_tag","embeddable":true,"href":"https:\/\/elluchador.info\/index.php?rest_route=%2Fwp%2Fv2%2Ftags&post=157452"}],"curies":[{"name":"wp","href":"https:\/\/api.w.org\/{rel}","templated":true}]}}