{"id":157517,"date":"2020-01-03T09:30:40","date_gmt":"2020-01-03T13:30:40","guid":{"rendered":"https:\/\/elluchador.info\/web\/?p=157517"},"modified":"2020-01-03T09:20:47","modified_gmt":"2020-01-03T13:20:47","slug":"el-lider-irani-ali-jamenei-promete-venganza-contra-asesinos-de-soleimani","status":"publish","type":"post","link":"https:\/\/elluchador.info\/?p=157517","title":{"rendered":"El l\u00edder iran\u00ed Ali Jamenei promete venganza contra asesinos de Soleimani"},"content":{"rendered":"\n<p>El l\u00edder de la Revoluci\u00f3n\nIsl\u00e1mica de Ir\u00e1n, el ayatola Ali Jamenei, asegur\u00f3 este viernes que quienes\nasesinaron al comandante de la Fuerza Quds de los Guardianes de la Revoluci\u00f3n\niran\u00ed, el general Qasem Soleimani, se enfrentan a una \u00abdura venganza\u00bb.<\/p>\n\n\n\n<p>En un comunicado publicado\npor medios oficiales persas, el ayatol\u00e1 Jamenei culp\u00f3 a la \u00abgente m\u00e1s cruel de\nla tierra\u00bb del asesinato del \u00abhonorable\u00bb comandante que \u00abluch\u00f3 valientemente\ndurante a\u00f1os contra los males y los bandidos del mundo\u00bb.<\/p>\n\n\n\n<p>\u00abSu fallecimiento no\ndetendr\u00e1 su misi\u00f3n, pero los criminales que han manchado sus manos con la\nsangre del general Soleimani y de otros m\u00e1rtires en el ataque del jueves por la\nnoche deben esperar una dura venganza\u00bb, agreg\u00f3 el l\u00edder.<\/p>\n\n\n\n<p>Las milicias chi\u00edes iraqu\u00edes\nMultitud Popular denunciaron ayer que su vicepresidente, Abu Mahdi al Mohandes,\ny Qasem Soleimani murieron durante la madrugada en un bombardeo estadounidense\ncontra el veh\u00edculo en el que viajaban en Bagdad.<\/p>\n\n\n\n<p>En su cuenta oficial de\nTwitter, la Multitud Popular asegur\u00f3 que el veh\u00edculo fue blanco de un ataque\na\u00e9reo en la carretera del aeropuerto internacional.<\/p>\n\n\n\n<p>Por otra parte, una fuente\ndel aeropuerto de Bagdad confirm\u00f3 a Efe el fallecimiento de Al Mohandes en un\nataque que tuvo lugar cerca de esas instalaciones a las afueras de la capital,\nque dej\u00f3 dos veh\u00edculos calcinados. Seg\u00fan la fuente, que pidi\u00f3 el anonimato,\notras siete personas perecieron, incluidas dos de nacionalidad iran\u00ed.<\/p>\n\n\n\n<p>El general Soleimani era el\nencargado de las operaciones fuera de Ir\u00e1n de los Guardianes de la Revoluci\u00f3n.\nEstuvo presente sobre el terreno en Siria y en Irak, supervisando a las\nmilicias respaldadas por Teher\u00e1n en ambos pa\u00edses \u00e1rabes.<\/p>\n\n\n\n<p>Al\u00ed Jamenei subray\u00f3 este\nviernes que el m\u00e1rtir Soleimani es una figura internacional de la Resistencia.\n\u00abTodos los devotos de la Resistencia son ahora sus vengadores\u00ab, asegur\u00f3.<\/p>\n\n\n\n<p>\u00abTodos los amigos y enemigos\ndeben saber que el camino de la yihad de la resistencia (guerra santa)\ncontinuar\u00e1 con doble motivaci\u00f3n, y una victoria definitiva espera a quienes\nluchan en este camino\u00bb, precis\u00f3 Jamenei en este comunicado.<\/p>\n\n\n\n<p>El dirigente iran\u00ed insisti\u00f3:\n\u00abLa desaparici\u00f3n de nuestro desinteresado y querido general es amarga. Pero la\nlucha continua y el logro de la victoria final har\u00e1 que la vida sea m\u00e1s amarga\npara los asesinos y criminales\u00bb.<\/p>\n\n\n\n<p>En su declaraci\u00f3n, Al\u00ed\nJamenei tambi\u00e9n expres\u00f3 sus condolencias a la naci\u00f3n y a la familia del general\nSoleimani. Adem\u00e1s, declar\u00f3 tres d\u00edas de duelo nacional.<\/p>\n\n\n\n<p><strong>El\nbombardeo<\/strong><\/p>\n\n\n\n<p>El presunto bombardeo\nselectivo tuvo lugar en la madrugada del viernes. Ocurri\u00f3 despu\u00e9s de que las\ntensiones aumentaran en los pasados d\u00edas entre Washington y Teher\u00e1n con el\nasalto de seguidores de la Multitud Popular a la Embajada estadounidense en\nBagdad el 31 de diciembre. Consiguieron irrumpir y quemar una peque\u00f1a parte del\ncomplejo.<\/p>\n\n\n\n<p>A su vez, ese asalto fue en\nrespuesta a un ataque norteamericano contra posiciones de algunos batallones de\nlas milicias iraqu\u00edes en el oeste de Irak el d\u00eda 29. Seg\u00fan la Multitud Popular,\nfallecieron 25 de sus hombres y m\u00e1s de 50 resultaron heridos.<\/p>\n\n\n\n<p>Hezbol\u00e1 promete venganza y\nseguir la senda de Soleimani tras su muerte<\/p>\n\n\n\n<p>El Pent\u00e1gono asegur\u00f3 en ese\nmomento que lanz\u00f3 \u00abataques defensivos\u00bb contra la agrupaci\u00f3n Kata\u2019ib Hezbol\u00e1, que\nopera bajo el paraguas de la Multitud Popular. A esta la responsabiliza del\nlanzamiento de proyectiles y cohetes contra intereses estadounidenses en suelo\niraqu\u00ed.<\/p>\n\n\n\n<p>El ministro iran\u00ed de\nDefensa, el general Amir Hatami, tambi\u00e9n prometi\u00f3 este viernes que se vengar\u00e1\nde \u00abtodos los que est\u00e1n detr\u00e1s del asesinato\u00bb.<\/p>\n\n\n\n<p>\u00abSin lugar a dudas, este\ncrimen atroz, que es una prueba contundente de la naturaleza malvada del Gran\nSatan\u00e1s, el arrogante Estados Unidos y su apoyo total al terrorismo en la\nregi\u00f3n e Irak, ser\u00e1 respondido de una manera aplastante\u00bb, precis\u00f3 el militar.<\/p>\n\n\n\n<p>Anteriormente, el ex comandante del IRGC, el mayor general Mohsen Rezaei, tambi\u00e9n prometi\u00f3 una \u00abdura venganza\u00bb contra los autores de los presuntos asesinatos.<\/p>\n\n\n\n<p><strong>panorama.com<\/strong><\/p>\n","protected":false},"excerpt":{"rendered":"<p>El l\u00edder de la Revoluci\u00f3n Isl\u00e1mica de Ir\u00e1n, el ayatola Ali Jamenei, asegur\u00f3 este viernes que quienes asesinaron al comandante de la Fuerza Quds de los Guardianes de la Revoluci\u00f3n iran\u00ed, el general Qasem Soleimani, se enfrentan a una \u00abdura venganza\u00bb. En un comunicado publicado por medios oficiales persas, el ayatol\u00e1 Jamenei culp\u00f3 a la [&hellip;]<\/p>\n","protected":false},"author":2,"featured_media":157518,"comment_status":"closed","ping_status":"closed","sticky":false,"template":"","format":"standard","meta":{"footnotes":""},"categories":[5,8],"tags":[],"class_list":{"0":"post-157517","1":"post","2":"type-post","3":"status-publish","4":"format-standard","5":"has-post-thumbnail","7":"category-destacado","8":"category-internacionales"},"_links":{"self":[{"href":"https:\/\/elluchador.info\/index.php?rest_route=\/wp\/v2\/posts\/157517","targetHints":{"allow":["GET"]}}],"collection":[{"href":"https:\/\/elluchador.info\/index.php?rest_route=\/wp\/v2\/posts"}],"about":[{"href":"https:\/\/elluchador.info\/index.php?rest_route=\/wp\/v2\/types\/post"}],"author":[{"embeddable":true,"href":"https:\/\/elluchador.info\/index.php?rest_route=\/wp\/v2\/users\/2"}],"replies":[{"embeddable":true,"href":"https:\/\/elluchador.info\/index.php?rest_route=%2Fwp%2Fv2%2Fcomments&post=157517"}],"version-history":[{"count":1,"href":"https:\/\/elluchador.info\/index.php?rest_route=\/wp\/v2\/posts\/157517\/revisions"}],"predecessor-version":[{"id":157519,"href":"https:\/\/elluchador.info\/index.php?rest_route=\/wp\/v2\/posts\/157517\/revisions\/157519"}],"wp:featuredmedia":[{"embeddable":true,"href":"https:\/\/elluchador.info\/index.php?rest_route=\/wp\/v2\/media\/157518"}],"wp:attachment":[{"href":"https:\/\/elluchador.info\/index.php?rest_route=%2Fwp%2Fv2%2Fmedia&parent=157517"}],"wp:term":[{"taxonomy":"category","embeddable":true,"href":"https:\/\/elluchador.info\/index.php?rest_route=%2Fwp%2Fv2%2Fcategories&post=157517"},{"taxonomy":"post_tag","embeddable":true,"href":"https:\/\/elluchador.info\/index.php?rest_route=%2Fwp%2Fv2%2Ftags&post=157517"}],"curies":[{"name":"wp","href":"https:\/\/api.w.org\/{rel}","templated":true}]}}