{"id":157538,"date":"2020-01-03T11:10:57","date_gmt":"2020-01-03T15:10:57","guid":{"rendered":"https:\/\/elluchador.info\/web\/?p=157538"},"modified":"2020-01-03T11:04:07","modified_gmt":"2020-01-03T15:04:07","slug":"alcaldia-de-heres-realizo-jornada-integral-en-el-paseo-meneses","status":"publish","type":"post","link":"https:\/\/elluchador.info\/?p=157538","title":{"rendered":"Alcald\u00eda de Heres realiz\u00f3 jornada integral en el Paseo Meneses"},"content":{"rendered":"\n<p>Bajo las pol\u00edticas de trabajo del alcalde\ndel municipio Heres, Sergio Hern\u00e1ndez arranca el a\u00f1o 2020 con acciones de\nmantenimiento fortalecidas en Ciudad Bol\u00edvar con una jornada integral de\nlimpieza en el paseo Meneses.<\/p>\n\n\n\n<p>En este sentido, el director de Servicios\nGenerales Municipales, Eleazar Torres se\u00f1al\u00f3 que los frente de trabajo se\nactivaron con las acometidas de limpieza en la arteria vial de la parroquia\nCatedral, esto mediante el programa Heres Juega Limpio.<\/p>\n\n\n\n<p>El director integral manifest\u00f3 que las\ncuadrillas de mantenimiento efectuaron las labores de barrido, desarenizaci\u00f3n,\nrecolecci\u00f3n de desechos s\u00f3lidos y el mantenimiento controlado de los \u00e1rboles.<\/p>\n\n\n\n<p>Torres afirm\u00f3 que gracias al trabajo contin\u00fao en la entidad capital se consolida el municipio Potencia y as\u00ed seguir consolidando el V objetivo de la Patria en materia ambiental.<\/p>\n\n\n\n<figure class=\"wp-block-image\"><img loading=\"lazy\" decoding=\"async\" width=\"1024\" height=\"576\" src=\"https:\/\/elluchador.info\/web\/wp-content\/uploads\/2020\/01\/01-1024x576.jpg\" alt=\"\" class=\"wp-image-157539\" srcset=\"https:\/\/elluchador.info\/wp-content\/uploads\/2020\/01\/01-1024x576.jpg 1024w, https:\/\/elluchador.info\/wp-content\/uploads\/2020\/01\/01-300x169.jpg 300w, https:\/\/elluchador.info\/wp-content\/uploads\/2020\/01\/01-768x432.jpg 768w, https:\/\/elluchador.info\/wp-content\/uploads\/2020\/01\/01.jpg 1080w\" sizes=\"auto, (max-width: 1024px) 100vw, 1024px\" \/><\/figure>\n\n\n\n<p>De igual forma, resalt\u00f3 que las labores de\nmantenimiento en la entidad a diario las realizan los hombres y mujeres con\nsentido de pertenencia, quienes a pesar de la guerra econ\u00f3mica siguen dando lo\nmejor de s\u00ed para el municipio y la construcci\u00f3n de la Patria Grande.<\/p>\n\n\n\n<p><strong>Trabajando\npor el municipio Potencia<\/strong><\/p>\n\n\n\n<p>Asimismo Torres mencion\u00f3 que la recolecci\u00f3n\nde los desechos s\u00f3lidos contin\u00faa establecida mediante el cronograma establecido\npor la municipalidad.<\/p>\n\n\n\n<p>Por lo cual insto a las personas a sacar\nsus desperdicios en el d\u00eda establecido y de esta manera trabajar todos en\nsinergia en el mantenimiento de Ciudad Bol\u00edvar, ya que una ciudad limpia es\ntarea de todos.<\/p>\n\n\n\n<p>Detall\u00f3 que en la parroquia Catedral\ncuentan con un sistema y un equipo de recolecci\u00f3n de desechos de primera,\nquienes d\u00eda a d\u00eda recorren tanto los sectores como zonas comerciales para\nefectuar las labores de limpieza.<\/p>\n\n\n\n<p>En recuadro<\/p>\n\n\n\n<p><strong>M\u00e1s\nde 75 mil toneladas recolectadas en el 2019<\/strong><\/p>\n\n\n\n<p>Torres indic\u00f3 que durante el 2019 &nbsp;m\u00e1s de 75 mil toneladas de desechos s\u00f3lidos fueron\nrecolectadas en las parroquias de Ciudad Bol\u00edvar, bajo un trabajo de primera.<\/p>\n\n\n\n<p>Donde en la parroquia Catedral alcanzaron el hito de 27744 toneladas de\ndesechos s\u00f3lidos colectados durante el a\u00f1o 2019, adem\u00e1s, en la parroquia La\nSabanita colectaron 16800 toneladas.<\/p>\n\n\n\n<p>Igualmente en las dem\u00e1s parroquias de ciudad colectaron m\u00e1s de 10 mil toneladas de desechos en cada una, durante el a\u00f1o 2019.<\/p>\n\n\n\n<p><strong>Prensa Alcald\u00eda de Heres\/ JARJ<\/strong><\/p>\n","protected":false},"excerpt":{"rendered":"<p>Bajo las pol\u00edticas de trabajo del alcalde del municipio Heres, Sergio Hern\u00e1ndez arranca el a\u00f1o 2020 con acciones de mantenimiento fortalecidas en Ciudad Bol\u00edvar con una jornada integral de limpieza en el paseo Meneses. En este sentido, el director de Servicios Generales Municipales, Eleazar Torres se\u00f1al\u00f3 que los frente de trabajo se activaron con las [&hellip;]<\/p>\n","protected":false},"author":2,"featured_media":157540,"comment_status":"closed","ping_status":"closed","sticky":false,"template":"","format":"standard","meta":{"footnotes":""},"categories":[20,12],"tags":[],"class_list":{"0":"post-157538","1":"post","2":"type-post","3":"status-publish","4":"format-standard","5":"has-post-thumbnail","7":"category-municipal","8":"category-regionales"},"_links":{"self":[{"href":"https:\/\/elluchador.info\/index.php?rest_route=\/wp\/v2\/posts\/157538","targetHints":{"allow":["GET"]}}],"collection":[{"href":"https:\/\/elluchador.info\/index.php?rest_route=\/wp\/v2\/posts"}],"about":[{"href":"https:\/\/elluchador.info\/index.php?rest_route=\/wp\/v2\/types\/post"}],"author":[{"embeddable":true,"href":"https:\/\/elluchador.info\/index.php?rest_route=\/wp\/v2\/users\/2"}],"replies":[{"embeddable":true,"href":"https:\/\/elluchador.info\/index.php?rest_route=%2Fwp%2Fv2%2Fcomments&post=157538"}],"version-history":[{"count":3,"href":"https:\/\/elluchador.info\/index.php?rest_route=\/wp\/v2\/posts\/157538\/revisions"}],"predecessor-version":[{"id":157544,"href":"https:\/\/elluchador.info\/index.php?rest_route=\/wp\/v2\/posts\/157538\/revisions\/157544"}],"wp:featuredmedia":[{"embeddable":true,"href":"https:\/\/elluchador.info\/index.php?rest_route=\/wp\/v2\/media\/157540"}],"wp:attachment":[{"href":"https:\/\/elluchador.info\/index.php?rest_route=%2Fwp%2Fv2%2Fmedia&parent=157538"}],"wp:term":[{"taxonomy":"category","embeddable":true,"href":"https:\/\/elluchador.info\/index.php?rest_route=%2Fwp%2Fv2%2Fcategories&post=157538"},{"taxonomy":"post_tag","embeddable":true,"href":"https:\/\/elluchador.info\/index.php?rest_route=%2Fwp%2Fv2%2Ftags&post=157538"}],"curies":[{"name":"wp","href":"https:\/\/api.w.org\/{rel}","templated":true}]}}