{"id":157562,"date":"2020-01-03T14:00:27","date_gmt":"2020-01-03T18:00:27","guid":{"rendered":"https:\/\/elluchador.info\/web\/?p=157562"},"modified":"2020-01-03T13:31:06","modified_gmt":"2020-01-03T17:31:06","slug":"foro-penal-venezuela-comenzo-2020-con-la-cifra-mas-alta-de-presos-politicos","status":"publish","type":"post","link":"https:\/\/elluchador.info\/?p=157562","title":{"rendered":"Foro Penal: Venezuela comenz\u00f3 2020 con la cifra m\u00e1s alta de presos pol\u00edticos"},"content":{"rendered":"\n<p>Alfredo Romero, director de\nla ONG Foro Penal, asegur\u00f3 que Venezuela comenz\u00f3 el a\u00f1o 2020 con la cifra m\u00e1s\nalta de presos pol\u00edticos en su historia.<\/p>\n\n\n\n<p>Los n\u00fameros que maneja el\nForo Penal alcanzan los 388 ciudadanos que se encuentran bajo la figura de\npresos pol\u00edticos.<\/p>\n\n\n\n<p>Romero public\u00f3 la\ninformaci\u00f3n en Twitter, en la cual explica que 370 hombres y 18 mujeres forman\nparte de esa estad\u00edstica.<\/p>\n\n\n\n<p>Adem\u00e1s, precis\u00f3 que 270 son\nciviles y 118 son militares. Entre los presos pol\u00edticos no hay menores de edad.<\/p>\n\n\n\n<p>En un video que public\u00f3 el 31 de diciembre con motivo del fin de a\u00f1o, el jurista abog\u00f3 por la liberaci\u00f3n de los detenidos para que puedan dar el abrazo de libertad.<\/p>\n\n\n\n<p><strong>Elnacional.com<\/strong><\/p>\n","protected":false},"excerpt":{"rendered":"<p>Alfredo Romero, director de la ONG Foro Penal, asegur\u00f3 que Venezuela comenz\u00f3 el a\u00f1o 2020 con la cifra m\u00e1s alta de presos pol\u00edticos en su historia. Los n\u00fameros que maneja el Foro Penal alcanzan los 388 ciudadanos que se encuentran bajo la figura de presos pol\u00edticos. Romero public\u00f3 la informaci\u00f3n en Twitter, en la cual [&hellip;]<\/p>\n","protected":false},"author":2,"featured_media":157563,"comment_status":"closed","ping_status":"closed","sticky":false,"template":"","format":"standard","meta":{"footnotes":""},"categories":[9],"tags":[],"class_list":{"0":"post-157562","1":"post","2":"type-post","3":"status-publish","4":"format-standard","5":"has-post-thumbnail","7":"category-nacionales"},"_links":{"self":[{"href":"https:\/\/elluchador.info\/index.php?rest_route=\/wp\/v2\/posts\/157562","targetHints":{"allow":["GET"]}}],"collection":[{"href":"https:\/\/elluchador.info\/index.php?rest_route=\/wp\/v2\/posts"}],"about":[{"href":"https:\/\/elluchador.info\/index.php?rest_route=\/wp\/v2\/types\/post"}],"author":[{"embeddable":true,"href":"https:\/\/elluchador.info\/index.php?rest_route=\/wp\/v2\/users\/2"}],"replies":[{"embeddable":true,"href":"https:\/\/elluchador.info\/index.php?rest_route=%2Fwp%2Fv2%2Fcomments&post=157562"}],"version-history":[{"count":1,"href":"https:\/\/elluchador.info\/index.php?rest_route=\/wp\/v2\/posts\/157562\/revisions"}],"predecessor-version":[{"id":157564,"href":"https:\/\/elluchador.info\/index.php?rest_route=\/wp\/v2\/posts\/157562\/revisions\/157564"}],"wp:featuredmedia":[{"embeddable":true,"href":"https:\/\/elluchador.info\/index.php?rest_route=\/wp\/v2\/media\/157563"}],"wp:attachment":[{"href":"https:\/\/elluchador.info\/index.php?rest_route=%2Fwp%2Fv2%2Fmedia&parent=157562"}],"wp:term":[{"taxonomy":"category","embeddable":true,"href":"https:\/\/elluchador.info\/index.php?rest_route=%2Fwp%2Fv2%2Fcategories&post=157562"},{"taxonomy":"post_tag","embeddable":true,"href":"https:\/\/elluchador.info\/index.php?rest_route=%2Fwp%2Fv2%2Ftags&post=157562"}],"curies":[{"name":"wp","href":"https:\/\/api.w.org\/{rel}","templated":true}]}}