{"id":157565,"date":"2020-01-03T14:30:27","date_gmt":"2020-01-03T18:30:27","guid":{"rendered":"https:\/\/elluchador.info\/web\/?p=157565"},"modified":"2020-01-03T13:23:27","modified_gmt":"2020-01-03T17:23:27","slug":"fiscalia-solicito-a-brasil-extradicion-de-responsables-de-asalto-a-cuartel-en-bolivar","status":"publish","type":"post","link":"https:\/\/elluchador.info\/?p=157565","title":{"rendered":"Fiscal\u00eda solicit\u00f3 a Brasil extradici\u00f3n de responsables de asalto a cuartel en Bol\u00edvar"},"content":{"rendered":"\n<p>La Fiscal\u00eda General solicit\u00f3\neste jueves a las autoridades de Brasil la extradici\u00f3n de cinco militares que\nempezaron el tr\u00e1mite para ser refugiados en ese pa\u00eds.<\/p>\n\n\n\n<p>El fiscal, Tarek William\nSaab, public\u00f3 en Twitter una misiva dirigida a su hom\u00f3logo brasile\u00f1o, Augusto\nAras, en la que pidi\u00f3 a las autoridades de ese pa\u00eds comenzar \u00ablos tr\u00e1mites\nnecesarios para poner a disposici\u00f3n de Venezuela a los efectivos que acusa de\nparticipar en una operaci\u00f3n insurgente\u00bb.<\/p>\n\n\n\n<p>Para las autoridades, los\nmilitares son desertores de las Fuerzas Armadas y responsables del ataque del\npasado 22 de diciembre a una instalaci\u00f3n militar en la Gran Sabana, en el\nestado Bol\u00edvar. El hecho termin\u00f3 con la muerte de un oficial y el robo de 120\nfusiles de asalto y 9 lanzagranadas.<\/p>\n\n\n\n<p>Saab asegur\u00f3 que la\nsolicitud responde al tratado de extradici\u00f3n entre ambos pa\u00edses que est\u00e1\nvigente desde 1938. Manifest\u00f3 que es \u00abinaplicable el derecho de refugio al que\nse acogieron los uniformados cuando los detuvieron las autoridades brasile\u00f1as\u00bb.\nSeg\u00fan \u00e9l, cometieron \u00abgraves delitos comunes y contra la paz\u00bb.<\/p>\n\n\n\n<p>&nbsp;<strong>Gobierno\nacus\u00f3 a Brasil<\/strong><\/p>\n\n\n\n<p>El pasado 23 de diciembre el\ngobierno de Nicol\u00e1s Maduro acus\u00f3 a Brasil, Colombia, Per\u00fa y Ecuador de haber\nfacilitado el entrenamiento del grupo, se\u00f1alamiento que estos pa\u00edses rechazaron\ncasi de forma inmediata.<\/p>\n\n\n\n<p>Brasil es uno de los casi 60\npa\u00edses que reconocen a Juan Guaid\u00f3 como presidente interino de la rep\u00fablica\ndesde febrero de 2019.<\/p>\n\n\n\n<p>Por su parte, Saab fue designado en 2017 como fiscal general por la asamblea nacional constituyente, un cuerpo legislativo integrado exclusivamente por chavistas. Tampoco es reconocido por varios pa\u00edses, entre ellos, Brasil. La designaci\u00f3n del titular de la Fiscal\u00eda, as\u00ed como de otras instancias como la Defensor\u00eda del Pueblo o el Consejo Nacional Electoral, es una potestad que la Constituci\u00f3n reserva al Parlamento. Sin embargo, una decisi\u00f3n de 2016 del Tribunal Supremo consider\u00f3 en desacato al Legislativo, por lo que el resto de los poderes ignora sus decisiones.<\/p>\n\n\n\n<p><strong>Elnacional.com<\/strong><\/p>\n","protected":false},"excerpt":{"rendered":"<p>La Fiscal\u00eda General solicit\u00f3 este jueves a las autoridades de Brasil la extradici\u00f3n de cinco militares que empezaron el tr\u00e1mite para ser refugiados en ese pa\u00eds. El fiscal, Tarek William Saab, public\u00f3 en Twitter una misiva dirigida a su hom\u00f3logo brasile\u00f1o, Augusto Aras, en la que pidi\u00f3 a las autoridades de ese pa\u00eds comenzar \u00ablos [&hellip;]<\/p>\n","protected":false},"author":2,"featured_media":157566,"comment_status":"closed","ping_status":"closed","sticky":false,"template":"","format":"standard","meta":{"footnotes":""},"categories":[5,9],"tags":[],"class_list":{"0":"post-157565","1":"post","2":"type-post","3":"status-publish","4":"format-standard","5":"has-post-thumbnail","7":"category-destacado","8":"category-nacionales"},"_links":{"self":[{"href":"https:\/\/elluchador.info\/index.php?rest_route=\/wp\/v2\/posts\/157565","targetHints":{"allow":["GET"]}}],"collection":[{"href":"https:\/\/elluchador.info\/index.php?rest_route=\/wp\/v2\/posts"}],"about":[{"href":"https:\/\/elluchador.info\/index.php?rest_route=\/wp\/v2\/types\/post"}],"author":[{"embeddable":true,"href":"https:\/\/elluchador.info\/index.php?rest_route=\/wp\/v2\/users\/2"}],"replies":[{"embeddable":true,"href":"https:\/\/elluchador.info\/index.php?rest_route=%2Fwp%2Fv2%2Fcomments&post=157565"}],"version-history":[{"count":1,"href":"https:\/\/elluchador.info\/index.php?rest_route=\/wp\/v2\/posts\/157565\/revisions"}],"predecessor-version":[{"id":157567,"href":"https:\/\/elluchador.info\/index.php?rest_route=\/wp\/v2\/posts\/157565\/revisions\/157567"}],"wp:featuredmedia":[{"embeddable":true,"href":"https:\/\/elluchador.info\/index.php?rest_route=\/wp\/v2\/media\/157566"}],"wp:attachment":[{"href":"https:\/\/elluchador.info\/index.php?rest_route=%2Fwp%2Fv2%2Fmedia&parent=157565"}],"wp:term":[{"taxonomy":"category","embeddable":true,"href":"https:\/\/elluchador.info\/index.php?rest_route=%2Fwp%2Fv2%2Fcategories&post=157565"},{"taxonomy":"post_tag","embeddable":true,"href":"https:\/\/elluchador.info\/index.php?rest_route=%2Fwp%2Fv2%2Ftags&post=157565"}],"curies":[{"name":"wp","href":"https:\/\/api.w.org\/{rel}","templated":true}]}}