{"id":157571,"date":"2020-01-03T16:00:57","date_gmt":"2020-01-03T20:00:57","guid":{"rendered":"https:\/\/elluchador.info\/web\/?p=157571"},"modified":"2020-01-03T13:42:18","modified_gmt":"2020-01-03T17:42:18","slug":"guaido-es-necesario-corregir-y-rectificar-estrategias-para-lograr-el-cambio-este-2020","status":"publish","type":"post","link":"https:\/\/elluchador.info\/?p=157571","title":{"rendered":"Guaid\u00f3: Es necesario corregir y rectificar estrategias para lograr el cambio est\u00e9 2020"},"content":{"rendered":"\n<p>Juan Guaid\u00f3, presidente de\nla Asamblea Nacional de la rep\u00fablica, asegur\u00f3 el pasado 31 de diciembre que\neste a\u00f1o 2020 es necesario trabajar a\u00fan m\u00e1s duro por el cese de la usurpaci\u00f3n y\nlas elecciones libres.<\/p>\n\n\n\n<p>En un video publicado en su\ncuenta de Twitter, Guaid\u00f3 destac\u00f3 que se requiere corregir y rectificar las\nestrategias, los m\u00e9todos y las t\u00e1cticas, sumar y redoblar esfuerzos.<\/p>\n\n\n\n<p>\u00abNos toca ser fieles y\nfirmes ante el objetivo. S\u00ed se puede y depende de todos juntos lograrlo.\nVayamos con esperanza y fuerza a este 2020\u00bb, expres\u00f3.<\/p>\n\n\n\n<p>\u00abEse d\u00eda en el que nos\nlevantamos de nuevo cuando todo parec\u00eda perdido. A partir de ah\u00ed hemos llevado\na la dictadura a los momentos de mayor debilidad de toda su historia\u00bb, record\u00f3.<\/p>\n\n\n\n<p>Asegur\u00f3 que 2019 quedar\u00e1\nmarcado en la historia como el a\u00f1o en que se inici\u00f3 la ruta hacia la libertad\ndel pa\u00eds.<\/p>\n\n\n\n<p>\u00abDepender\u00e1 de nosotros lo\nque dir\u00e1n los libros de Historia de Venezuela sobre este a\u00f1o y lo que nuestros\nhijos leer\u00e1n\u00bb, agreg\u00f3 Guaid\u00f3.<\/p>\n\n\n\n<p>Destac\u00f3 la labor de los embajadores que trabajan en pro de la di\u00e1spora venezolana y la de los m\u00e1s de 60 pa\u00edses que apoyan a Guaid\u00f3, as\u00ed como el trabajo de los organismos internacionales que lucharon por la democracia de Venezuela durante 2019.<\/p>\n\n\n\n<p><strong>Elnacional.com<\/strong><\/p>\n","protected":false},"excerpt":{"rendered":"<p>Juan Guaid\u00f3, presidente de la Asamblea Nacional de la rep\u00fablica, asegur\u00f3 el pasado 31 de diciembre que este a\u00f1o 2020 es necesario trabajar a\u00fan m\u00e1s duro por el cese de la usurpaci\u00f3n y las elecciones libres. En un video publicado en su cuenta de Twitter, Guaid\u00f3 destac\u00f3 que se requiere corregir y rectificar las estrategias, [&hellip;]<\/p>\n","protected":false},"author":2,"featured_media":157572,"comment_status":"closed","ping_status":"closed","sticky":false,"template":"","format":"standard","meta":{"footnotes":""},"categories":[5,9],"tags":[],"class_list":{"0":"post-157571","1":"post","2":"type-post","3":"status-publish","4":"format-standard","5":"has-post-thumbnail","7":"category-destacado","8":"category-nacionales"},"_links":{"self":[{"href":"https:\/\/elluchador.info\/index.php?rest_route=\/wp\/v2\/posts\/157571","targetHints":{"allow":["GET"]}}],"collection":[{"href":"https:\/\/elluchador.info\/index.php?rest_route=\/wp\/v2\/posts"}],"about":[{"href":"https:\/\/elluchador.info\/index.php?rest_route=\/wp\/v2\/types\/post"}],"author":[{"embeddable":true,"href":"https:\/\/elluchador.info\/index.php?rest_route=\/wp\/v2\/users\/2"}],"replies":[{"embeddable":true,"href":"https:\/\/elluchador.info\/index.php?rest_route=%2Fwp%2Fv2%2Fcomments&post=157571"}],"version-history":[{"count":2,"href":"https:\/\/elluchador.info\/index.php?rest_route=\/wp\/v2\/posts\/157571\/revisions"}],"predecessor-version":[{"id":157575,"href":"https:\/\/elluchador.info\/index.php?rest_route=\/wp\/v2\/posts\/157571\/revisions\/157575"}],"wp:featuredmedia":[{"embeddable":true,"href":"https:\/\/elluchador.info\/index.php?rest_route=\/wp\/v2\/media\/157572"}],"wp:attachment":[{"href":"https:\/\/elluchador.info\/index.php?rest_route=%2Fwp%2Fv2%2Fmedia&parent=157571"}],"wp:term":[{"taxonomy":"category","embeddable":true,"href":"https:\/\/elluchador.info\/index.php?rest_route=%2Fwp%2Fv2%2Fcategories&post=157571"},{"taxonomy":"post_tag","embeddable":true,"href":"https:\/\/elluchador.info\/index.php?rest_route=%2Fwp%2Fv2%2Ftags&post=157571"}],"curies":[{"name":"wp","href":"https:\/\/api.w.org\/{rel}","templated":true}]}}