{"id":157576,"date":"2020-01-03T16:30:29","date_gmt":"2020-01-03T20:30:29","guid":{"rendered":"https:\/\/elluchador.info\/web\/?p=157576"},"modified":"2020-01-03T13:46:21","modified_gmt":"2020-01-03T17:46:21","slug":"noruega-despide-a-ex-marido-de-la-princesa-marta-luisa-en-un-conmovedor-funeral","status":"publish","type":"post","link":"https:\/\/elluchador.info\/?p=157576","title":{"rendered":"Noruega despide a ex marido de la princesa Marta Luisa en un conmovedor funeral"},"content":{"rendered":"\n<p>La familia real noruega,\nautoridades, amigos y cientos de ciudadanos llenaron este viernes la Catedral\nde Oslo para despedir a Ari Behn, ex esposo de la princesa Marta Luisa, en un\nfuneral de alta carga emotiva.<\/p>\n\n\n\n<p>Behn, de 47 a\u00f1os de edad,\nestuvo casado con Marta Luisa entre 2002 y 2017 y se suicid\u00f3 el pasado d\u00eda de\nNavidad.<\/p>\n\n\n\n<p>\u00abDeb\u00edamos pasar las\nNavidades juntos y ten\u00eda tantas ganas de verte. Pero ahora nunca m\u00e1s podr\u00e9 ver\ntu tierna sonrisa y tus hermosos ojos\u00bb, dijo en su discurso Maud Angelica, de\n16 a\u00f1os y la mayor de sus tres hijas.<\/p>\n\n\n\n<p>La ceremonia, que se realiz\u00f3\nseg\u00fan el rito protestante, dur\u00f3 hora y media y fue retransmitida por la\ntelevisi\u00f3n p\u00fablica NRK.<\/p>\n\n\n\n<p><strong>Discursos\nemotivos<\/strong><\/p>\n\n\n\n<p>Maud Angelica, acompa\u00f1ada\npor su madre en el estrado, lament\u00f3 entre sollozos que nunca pudo entregarle a\nBehn un retrato suyo que pensaba regalarle y que situ\u00f3 sobre el f\u00e9retro,\nrodeado de decenas de coronas como la que le dedic\u00f3 junto a sus hermanas, que llevaba\nla frase \u00abTe querremos siempre\u00bb.<\/p>\n\n\n\n<p>\u00abQuerido pap\u00e1, siempre\ndec\u00edas que estabas orgulloso de nosotras. Espero que sepas que tambi\u00e9n lo\nest\u00e1bamos de ti. Eras mi h\u00e9roe, te quiero tanto, te necesito tanto\u00bb, dijo Maud\nAngelica, que defendi\u00f3 que un suicidio \u00abno es culpa de nadie\u00bb y rog\u00f3 con\n\u00abcoraz\u00f3n y alma\u00bb que quienes tengan problemas ps\u00edquicos pidan ayuda.<\/p>\n\n\n\n<p>Maud Angelica, hija mayor de\nAri Behn, dijo emocionada que se sent\u00eda muy orgullosa de su padre. A su lado,\nla princesa Marta Luisa | Foto EFE<\/p>\n\n\n\n<p>Los padres y los dos\nhermanos de Behn dieron tambi\u00e9n emotivos discursos; en especial su hermano\nmenor, Espen Bj\u00f8rshol, incapaz por momentos de continuar su elogio del\n\u00abprotector\u00bb que le hab\u00eda ayudado a superar varias crisis personales a lo largo\nde su vida.<\/p>\n\n\n\n<p>La ceremonia estuvo\npresidida por los reyes Harald V y Sonia, acompa\u00f1ados por los pr\u00edncipes\nherederos Haakon y Mette-Marit y el resto de la familia real, incluida Marta\nLuisa, sin su actual pareja, el cham\u00e1n estadounidense Durek Verret.<\/p>\n\n\n\n<p>La primera ministra Erna\nSolberg, su predecesor en el cargo y ahora secretario general de la OTAN, Jens\nStoltenberg; ministros y pol\u00edticos asistieron tambi\u00e9n al funeral, adem\u00e1s del\npr\u00edncipe Daniel de Suecia y la princesa Lorenza de Holanda.<\/p>\n\n\n\n<p>Por deseo de la familia, la\nceremonia estuvo abierta al p\u00fablico: muchos hicieron cola en el exterior de la\ncatedral desde horas antes de que se abrieran las puertas y un par de cientos\nde personas quedaron fuera al llenarse el aforo, para 900 personas.<\/p>\n\n\n\n<p><strong>Conmoci\u00f3n\nnacional<\/strong><\/p>\n\n\n\n<p>El suicidio de Behn ha\ncausado conmoci\u00f3n en Noruega y se han sucedido en las \u00faltimas semanas numerosas\nmanifestaciones de duelo de familiares, pol\u00edticos, artistas, famosos y\nciudadanos comunes.<\/p>\n\n\n\n<p>Cientos de personas se\nacercaron desde que se conoci\u00f3 la noticia de su muerte al Palacio Real de Oslo\npara depositar flores en recuerdo de Behn, cuyo divorcio de Marta Luisa fue el\nprimero en la Casa Real noruega en dos siglos.<\/p>\n\n\n\n<p>El propio Behn, que ten\u00eda la\ntutela compartida de sus tres hijas, ya hab\u00eda confesado con anterioridad sus\nproblemas personales: en una entrevista en 2009 habl\u00f3 de que se sent\u00eda\ndeprimido y solo y de que no era una persona con la que fuera f\u00e1cil convivir.<\/p>\n\n\n\n<p>En Infierno, su \u00faltimo libro, publicado hace un a\u00f1o, relat\u00f3 lo dura que hab\u00eda sido la separaci\u00f3n de Marta Luisa y en la parte final inclu\u00eda reflexiones sobre la muerte, as\u00ed como una despedida de sus personas m\u00e1s cercanas.<\/p>\n\n\n\n<p><strong>Elnacional.com<\/strong><\/p>\n","protected":false},"excerpt":{"rendered":"<p>La familia real noruega, autoridades, amigos y cientos de ciudadanos llenaron este viernes la Catedral de Oslo para despedir a Ari Behn, ex esposo de la princesa Marta Luisa, en un funeral de alta carga emotiva. Behn, de 47 a\u00f1os de edad, estuvo casado con Marta Luisa entre 2002 y 2017 y se suicid\u00f3 el [&hellip;]<\/p>\n","protected":false},"author":2,"featured_media":157577,"comment_status":"closed","ping_status":"closed","sticky":false,"template":"","format":"standard","meta":{"footnotes":""},"categories":[7,8],"tags":[],"class_list":{"0":"post-157576","1":"post","2":"type-post","3":"status-publish","4":"format-standard","5":"has-post-thumbnail","7":"category-entretenimiento","8":"category-internacionales"},"_links":{"self":[{"href":"https:\/\/elluchador.info\/index.php?rest_route=\/wp\/v2\/posts\/157576","targetHints":{"allow":["GET"]}}],"collection":[{"href":"https:\/\/elluchador.info\/index.php?rest_route=\/wp\/v2\/posts"}],"about":[{"href":"https:\/\/elluchador.info\/index.php?rest_route=\/wp\/v2\/types\/post"}],"author":[{"embeddable":true,"href":"https:\/\/elluchador.info\/index.php?rest_route=\/wp\/v2\/users\/2"}],"replies":[{"embeddable":true,"href":"https:\/\/elluchador.info\/index.php?rest_route=%2Fwp%2Fv2%2Fcomments&post=157576"}],"version-history":[{"count":1,"href":"https:\/\/elluchador.info\/index.php?rest_route=\/wp\/v2\/posts\/157576\/revisions"}],"predecessor-version":[{"id":157578,"href":"https:\/\/elluchador.info\/index.php?rest_route=\/wp\/v2\/posts\/157576\/revisions\/157578"}],"wp:featuredmedia":[{"embeddable":true,"href":"https:\/\/elluchador.info\/index.php?rest_route=\/wp\/v2\/media\/157577"}],"wp:attachment":[{"href":"https:\/\/elluchador.info\/index.php?rest_route=%2Fwp%2Fv2%2Fmedia&parent=157576"}],"wp:term":[{"taxonomy":"category","embeddable":true,"href":"https:\/\/elluchador.info\/index.php?rest_route=%2Fwp%2Fv2%2Fcategories&post=157576"},{"taxonomy":"post_tag","embeddable":true,"href":"https:\/\/elluchador.info\/index.php?rest_route=%2Fwp%2Fv2%2Ftags&post=157576"}],"curies":[{"name":"wp","href":"https:\/\/api.w.org\/{rel}","templated":true}]}}