{"id":157579,"date":"2020-01-04T10:00:30","date_gmt":"2020-01-04T14:00:30","guid":{"rendered":"https:\/\/elluchador.info\/web\/?p=157579"},"modified":"2020-01-04T08:59:22","modified_gmt":"2020-01-04T12:59:22","slug":"nicolas-maduro-encabezo-primer-consejo-de-vicepresidentes-del-2020","status":"publish","type":"post","link":"https:\/\/elluchador.info\/?p=157579","title":{"rendered":"Nicol\u00e1s Maduro encabez\u00f3 primer Consejo de Vicepresidentes del 2020"},"content":{"rendered":"\n<p>El presidente de la Rep\u00fablica Bolivariana de Venezuela, Nicol\u00e1s Maduro Moros, asisti\u00f3 este viernes a su primera actividad p\u00fablica oficial en el 2020, para encabezar el Consejo de Vicepresidentes Sectoriales que discuti\u00f3 las l\u00edneas estrat\u00e9gicas de acci\u00f3n para este nuevo a\u00f1o del inicio de la tercera d\u00e9cada del siglo XXI.<\/p>\n\n\n\n<p>La actividad presidencial se realiz\u00f3 desde el despacho n\u00famero 1 del Palacio de Miraflores. El Mandatario Nacional estuvo acompa\u00f1ado por la primera Combatiente, Cilia Flores; el presidente de la Asamblea Nacional Constituyente (ANC), Diosdado Cabello; el ministro para la Defensa, G\/J Vladimir Padrino L\u00f3pez, junto a otros oficiales de la Fuerza Armada Nacional Bolivariana (FANB) y dem\u00e1s personalidades del Gabinete Ejecutivo.<\/p>\n\n\n\n<p>El encuentro del Consejo de Vicepresidentes sectoriales con el Jefe de Estado, a prop\u00f3sito del arranque del 2020, confirma que este a\u00f1o ser\u00e1 victorioso en estabilidad democr\u00e1tica y recuperaci\u00f3n econ\u00f3mica.<\/p>\n\n\n\n<p>Adem\u00e1s, en 2020 se realizar\u00e1 la elecci\u00f3n parlamentaria de la Asamblea Nacional, evento que se encuentra pendientes, luego que se renovara el resto de los mandatos populares seg\u00fan lo ordenado por el Poder Plenipotenciario a partir de 2017. (YVKE Mundial)<\/p>\n","protected":false},"excerpt":{"rendered":"<p>El presidente de la Rep\u00fablica Bolivariana de Venezuela, Nicol\u00e1s Maduro Moros, asisti\u00f3 este viernes a su primera actividad p\u00fablica oficial en el 2020, para encabezar el Consejo de Vicepresidentes Sectoriales que discuti\u00f3 las l\u00edneas estrat\u00e9gicas de acci\u00f3n para este nuevo a\u00f1o del inicio de la tercera d\u00e9cada del siglo XXI. La actividad presidencial se realiz\u00f3 [&hellip;]<\/p>\n","protected":false},"author":2,"featured_media":157580,"comment_status":"closed","ping_status":"closed","sticky":false,"template":"","format":"standard","meta":{"footnotes":""},"categories":[5,9],"tags":[],"class_list":{"0":"post-157579","1":"post","2":"type-post","3":"status-publish","4":"format-standard","5":"has-post-thumbnail","7":"category-destacado","8":"category-nacionales"},"_links":{"self":[{"href":"https:\/\/elluchador.info\/index.php?rest_route=\/wp\/v2\/posts\/157579","targetHints":{"allow":["GET"]}}],"collection":[{"href":"https:\/\/elluchador.info\/index.php?rest_route=\/wp\/v2\/posts"}],"about":[{"href":"https:\/\/elluchador.info\/index.php?rest_route=\/wp\/v2\/types\/post"}],"author":[{"embeddable":true,"href":"https:\/\/elluchador.info\/index.php?rest_route=\/wp\/v2\/users\/2"}],"replies":[{"embeddable":true,"href":"https:\/\/elluchador.info\/index.php?rest_route=%2Fwp%2Fv2%2Fcomments&post=157579"}],"version-history":[{"count":1,"href":"https:\/\/elluchador.info\/index.php?rest_route=\/wp\/v2\/posts\/157579\/revisions"}],"predecessor-version":[{"id":157581,"href":"https:\/\/elluchador.info\/index.php?rest_route=\/wp\/v2\/posts\/157579\/revisions\/157581"}],"wp:featuredmedia":[{"embeddable":true,"href":"https:\/\/elluchador.info\/index.php?rest_route=\/wp\/v2\/media\/157580"}],"wp:attachment":[{"href":"https:\/\/elluchador.info\/index.php?rest_route=%2Fwp%2Fv2%2Fmedia&parent=157579"}],"wp:term":[{"taxonomy":"category","embeddable":true,"href":"https:\/\/elluchador.info\/index.php?rest_route=%2Fwp%2Fv2%2Fcategories&post=157579"},{"taxonomy":"post_tag","embeddable":true,"href":"https:\/\/elluchador.info\/index.php?rest_route=%2Fwp%2Fv2%2Ftags&post=157579"}],"curies":[{"name":"wp","href":"https:\/\/api.w.org\/{rel}","templated":true}]}}