{"id":157582,"date":"2020-01-04T11:04:05","date_gmt":"2020-01-04T15:04:05","guid":{"rendered":"https:\/\/elluchador.info\/web\/?p=157582"},"modified":"2020-01-04T09:11:07","modified_gmt":"2020-01-04T13:11:07","slug":"elecciones-generales-en-bolivia-tendran-lugar-el-3-de-mayo","status":"publish","type":"post","link":"https:\/\/elluchador.info\/?p=157582","title":{"rendered":"Elecciones generales en Bolivia tendr\u00e1n lugar el 3 de mayo"},"content":{"rendered":"\n<p>El<strong>&nbsp;Tribunal Supremo Electoral<\/strong>&nbsp;(TSE) de<strong>&nbsp;Bolivia&nbsp;<\/strong>fij\u00f3 para el domingo 3 de mayo las nuevas elecciones generales en el pa\u00eds, que repondr\u00e1n el orden constitucional tras la anulaci\u00f3n de los comicios del 20 de octubre pasado, anunci\u00f3&nbsp;Oscar Hassenteufel, uno de los vocales de ese organismo.<\/p>\n\n\n\n<p>\u201cEl d\u00eda lunes se va publicar todo, (las elecciones ser\u00e1n) el primer domingo del mes de mayo, hasta ah\u00ed les puedo adelantar\u201c, dijo el magistrado electoral en breve conversaci\u00f3n con reporteros en la ciudad de Sucre, donde represent\u00f3 al TSE en la inauguraci\u00f3n del A\u00f1o Judicial 2020, reportaron medios locales y rese\u00f1ados por Sputnik.<\/p>\n\n\n\n<p>La declaraci\u00f3n de Hassenteufel&nbsp;confirm\u00f3 la fecha&nbsp;que pol\u00edticos y analistas consideraban como la m\u00e1s probable para las elecciones, pactada como salida a la crisis desatada por el golpe de Estado al&nbsp;<strong>presidente&nbsp;Evo Morales,&nbsp;<\/strong>quien hab\u00eda ganado su reelecci\u00f3n en los pasados comicios de octubre.<\/p>\n\n\n\n<p>Tras la renuncia forzada de Morales el 10 de noviembre y su reemplazo por la senadora&nbsp;Jeanine \u00c1\u00f1ez, quien se autoproclam\u00f3 presidenta transitoria dos d\u00edas despu\u00e9s, los partidos representados en el parlamento acordaron anular las elecciones de octubre y convocar a una nueva votaci\u00f3n general en el menor tiempo posible.<\/p>\n\n\n\n<p>En ejecuci\u00f3n de ese acuerdo, el parlamento design\u00f3 un nuevo TSE al que dio plazo hasta el 6 de enero para que emita la convocatoria a elecciones, las cuales deber\u00e1n realizarse a m\u00e1s tardar 120 d\u00edas despu\u00e9s.<\/p>\n\n\n\n<p>Una eventual segunda vuelta se realizar\u00eda hasta 45 d\u00edas despu\u00e9s de la votaci\u00f3n del 3 de mayo, seg\u00fan la Ley Electoral vigente.<\/p>\n\n\n\n<p>A\u00fan no est\u00e1 fijada la fecha de transmisi\u00f3n del mando al futuro nuevo presidente electo. (YVKE Mundial)<\/p>\n","protected":false},"excerpt":{"rendered":"<p>El&nbsp;Tribunal Supremo Electoral&nbsp;(TSE) de&nbsp;Bolivia&nbsp;fij\u00f3 para el domingo 3 de mayo las nuevas elecciones generales en el pa\u00eds, que repondr\u00e1n el orden constitucional tras la anulaci\u00f3n de los comicios del 20 de octubre pasado, anunci\u00f3&nbsp;Oscar Hassenteufel, uno de los vocales de ese organismo. \u201cEl d\u00eda lunes se va publicar todo, (las elecciones ser\u00e1n) el primer domingo [&hellip;]<\/p>\n","protected":false},"author":2,"featured_media":157583,"comment_status":"closed","ping_status":"closed","sticky":false,"template":"","format":"standard","meta":{"footnotes":""},"categories":[8],"tags":[],"class_list":{"0":"post-157582","1":"post","2":"type-post","3":"status-publish","4":"format-standard","5":"has-post-thumbnail","7":"category-internacionales"},"_links":{"self":[{"href":"https:\/\/elluchador.info\/index.php?rest_route=\/wp\/v2\/posts\/157582","targetHints":{"allow":["GET"]}}],"collection":[{"href":"https:\/\/elluchador.info\/index.php?rest_route=\/wp\/v2\/posts"}],"about":[{"href":"https:\/\/elluchador.info\/index.php?rest_route=\/wp\/v2\/types\/post"}],"author":[{"embeddable":true,"href":"https:\/\/elluchador.info\/index.php?rest_route=\/wp\/v2\/users\/2"}],"replies":[{"embeddable":true,"href":"https:\/\/elluchador.info\/index.php?rest_route=%2Fwp%2Fv2%2Fcomments&post=157582"}],"version-history":[{"count":1,"href":"https:\/\/elluchador.info\/index.php?rest_route=\/wp\/v2\/posts\/157582\/revisions"}],"predecessor-version":[{"id":157584,"href":"https:\/\/elluchador.info\/index.php?rest_route=\/wp\/v2\/posts\/157582\/revisions\/157584"}],"wp:featuredmedia":[{"embeddable":true,"href":"https:\/\/elluchador.info\/index.php?rest_route=\/wp\/v2\/media\/157583"}],"wp:attachment":[{"href":"https:\/\/elluchador.info\/index.php?rest_route=%2Fwp%2Fv2%2Fmedia&parent=157582"}],"wp:term":[{"taxonomy":"category","embeddable":true,"href":"https:\/\/elluchador.info\/index.php?rest_route=%2Fwp%2Fv2%2Fcategories&post=157582"},{"taxonomy":"post_tag","embeddable":true,"href":"https:\/\/elluchador.info\/index.php?rest_route=%2Fwp%2Fv2%2Ftags&post=157582"}],"curies":[{"name":"wp","href":"https:\/\/api.w.org\/{rel}","templated":true}]}}