{"id":157585,"date":"2020-01-04T12:00:09","date_gmt":"2020-01-04T16:00:09","guid":{"rendered":"https:\/\/elluchador.info\/web\/?p=157585"},"modified":"2020-01-04T09:17:14","modified_gmt":"2020-01-04T13:17:14","slug":"numero-de-victimas-de-trauma-ocular-por-represion-en-chile-se-eleva-a-360","status":"publish","type":"post","link":"https:\/\/elluchador.info\/?p=157585","title":{"rendered":"N\u00famero de v\u00edctimas de trauma ocular por represi\u00f3n en Chile se eleva a 360"},"content":{"rendered":"\n<p>El<strong>&nbsp;Colegio M\u00e9dico de Chile&nbsp;(<\/strong>Colmed) report\u00f3 al menos 360 personas v\u00edctimas de trauma ocular por la represi\u00f3n de la fuerza p\u00fablica contra las manifestaciones sociales que ya van a cumplir tres meses en ese pa\u00eds suramericano, rese\u00f1o portal web Telesur.&nbsp;<\/p>\n\n\n\n<p>Seg\u00fan el organismo, gran parte de las v\u00edctimas podr\u00edan quedar con ceguera u otro tipo de secuelas en el rostro o en el globo ocular afectado. Tambi\u00e9n destaca que, en la&nbsp;Unidad de Trauma Ocular&nbsp;del&nbsp;Hospital del Salvador, se registraron 277 personas con lesiones en esa zona.<\/p>\n\n\n\n<p>\u201cSon 277 pacientes con lesiones oculares graves, de ellos por lo menos 50 requerir\u00e1n, en un plazo por definir, el uso de una pr\u00f3tesis ocular. A nivel pa\u00eds, si agregamos los pacientes vistos en otros centros, tanto p\u00fablicos como privados, tenemos alrededor de 360 lesiones oculares graves que podr\u00edan dejar eventualmente secuelas y entre ellos ceguera\u201d, indic\u00f3 el vicepresidente de Colmed,&nbsp;Dr. Patricio Meza.<\/p>\n\n\n\n<p>Asimismo, el oftalm\u00f3logo reiter\u00f3 el llamado a\u00a0Carabineros\u00a0a revisar los protocolos para el manejo del orden p\u00fablico. \u201cSomos categ\u00f3ricos, no se han respetado los protocolos. Cuando hay uso de bombas lacrim\u00f3genas que impactan directamente el cr\u00e1neo, un ojo o en presencia de discapacitados, embarazadas, adultos mayores, hay una falta absoluta del respeto de los protocolos que hoy existen para el uso de armas disuasivas de parte de Carabineros de\u00a0Chile\u201d expres\u00f3. (YVKE Mundial)<\/p>\n","protected":false},"excerpt":{"rendered":"<p>El&nbsp;Colegio M\u00e9dico de Chile&nbsp;(Colmed) report\u00f3 al menos 360 personas v\u00edctimas de trauma ocular por la represi\u00f3n de la fuerza p\u00fablica contra las manifestaciones sociales que ya van a cumplir tres meses en ese pa\u00eds suramericano, rese\u00f1o portal web Telesur.&nbsp; Seg\u00fan el organismo, gran parte de las v\u00edctimas podr\u00edan quedar con ceguera u otro tipo de [&hellip;]<\/p>\n","protected":false},"author":2,"featured_media":157586,"comment_status":"closed","ping_status":"closed","sticky":false,"template":"","format":"standard","meta":{"footnotes":""},"categories":[8],"tags":[],"class_list":{"0":"post-157585","1":"post","2":"type-post","3":"status-publish","4":"format-standard","5":"has-post-thumbnail","7":"category-internacionales"},"_links":{"self":[{"href":"https:\/\/elluchador.info\/index.php?rest_route=\/wp\/v2\/posts\/157585","targetHints":{"allow":["GET"]}}],"collection":[{"href":"https:\/\/elluchador.info\/index.php?rest_route=\/wp\/v2\/posts"}],"about":[{"href":"https:\/\/elluchador.info\/index.php?rest_route=\/wp\/v2\/types\/post"}],"author":[{"embeddable":true,"href":"https:\/\/elluchador.info\/index.php?rest_route=\/wp\/v2\/users\/2"}],"replies":[{"embeddable":true,"href":"https:\/\/elluchador.info\/index.php?rest_route=%2Fwp%2Fv2%2Fcomments&post=157585"}],"version-history":[{"count":1,"href":"https:\/\/elluchador.info\/index.php?rest_route=\/wp\/v2\/posts\/157585\/revisions"}],"predecessor-version":[{"id":157587,"href":"https:\/\/elluchador.info\/index.php?rest_route=\/wp\/v2\/posts\/157585\/revisions\/157587"}],"wp:featuredmedia":[{"embeddable":true,"href":"https:\/\/elluchador.info\/index.php?rest_route=\/wp\/v2\/media\/157586"}],"wp:attachment":[{"href":"https:\/\/elluchador.info\/index.php?rest_route=%2Fwp%2Fv2%2Fmedia&parent=157585"}],"wp:term":[{"taxonomy":"category","embeddable":true,"href":"https:\/\/elluchador.info\/index.php?rest_route=%2Fwp%2Fv2%2Fcategories&post=157585"},{"taxonomy":"post_tag","embeddable":true,"href":"https:\/\/elluchador.info\/index.php?rest_route=%2Fwp%2Fv2%2Ftags&post=157585"}],"curies":[{"name":"wp","href":"https:\/\/api.w.org\/{rel}","templated":true}]}}