{"id":157631,"date":"2020-01-05T06:00:37","date_gmt":"2020-01-05T10:00:37","guid":{"rendered":"https:\/\/elluchador.info\/web\/?p=157631"},"modified":"2020-01-04T13:57:00","modified_gmt":"2020-01-04T17:57:00","slug":"el-papa-y-la-tension-entre-ee-uu-e-iran-pidamos-al-senor-el-don-de-la-paz","status":"publish","type":"post","link":"https:\/\/elluchador.info\/?p=157631","title":{"rendered":"El Papa y la tensi\u00f3n entre EE UU e Ir\u00e1n: \u00ab\u00a1Pidamos al Se\u00f1or el don de la paz!\u00bb"},"content":{"rendered":"\n<p>El papa Francisco realiz\u00f3 este\ns\u00e1bado 4 de enero un nuevo llamamiento al \u00abdon\u00bb de la paz, en medio\nde la reciente escalada de tensiones entre Estados Unidos e Ir\u00e1n, que no\nmencion\u00f3.<\/p>\n\n\n\n<p>\u00abDebemos creer que el otro\ntiene nuestra misma necesidad de paz. No se logra la paz si no se la espera.\n\u00a1Pidamos al Se\u00f1or el don de la paz!\u00bb, escribi\u00f3 en su Twitter, en nueve\nidiomas (ingl\u00e9s, \u00e1rabe, italiano, espa\u00f1ol, polaco, lat\u00edn, franc\u00e9s, portugu\u00e9s y\nalem\u00e1n).<\/p>\n\n\n\n<p>Este llamamiento a la paz del\npont\u00edfice se produce en medio de una escalada de tensi\u00f3n entre los Estados Unidos\nde Donald Trump e Ir\u00e1n, un d\u00eda despu\u00e9s de la operaci\u00f3n estadounidense que mat\u00f3\nen Irak al poderoso general iran\u00ed Qasem Soleiman\u00ed.<\/p>\n\n\n\n<p>&nbsp;\u00abReducir la tensi\u00f3n\u00bb <\/p>\n\n\n\n<p>Por su parte, el nuncio\napost\u00f3lico en Ir\u00e1n, monse\u00f1or Leo Boccardi, dijo que la muerte del general\nSoleimani en un ataque estadounidense en Irak muestra la necesidad de\n\u00abreducir la tensi\u00f3n\u00bb en esta regi\u00f3n del mundo.<\/p>\n\n\n\n<p>El aumento de la violencia en\nIrak \u00absuscita preocupaciones y nos muestra c\u00f3mo es dif\u00edcil construir y\ncreer en la paz\u00bb, declar\u00f3 monse\u00f1or Boccardi, citado por la agencia de\nprensa especializada en el Vatican I-media, subrayando que lo m\u00e1s importante\nera \u00abreducir la tensi\u00f3n\u00bb.<\/p>\n\n\n\n<p>\u00abLa buena pol\u00edtica est\u00e1 al\nservicio de la paz, toda la comunidad internacional debe ponerse al servicio de\nla paz, no solo en la regi\u00f3n sino en todo el mundo\u00bb, agreg\u00f3.<\/p>\n\n\n\n<p>El nuncio, equivalente a un\nembajador papal, precis\u00f3 que el papa Francisco segu\u00eda la situaci\u00f3n gracias a\nlos servicios diplom\u00e1ticos del Vaticano en la regi\u00f3n.<\/p>\n\n\n\n<p>Para este diplom\u00e1tico, es\nnecesario \u00abarmarse con otras armas\u00bb, las de la \u00abjusticia y la\nbuena voluntad\u00bb para buscar una soluci\u00f3n al recrudecimiento de las\ntensiones, seg\u00fan la misma fuente. (Panorama)<\/p>\n","protected":false},"excerpt":{"rendered":"<p>El papa Francisco realiz\u00f3 este s\u00e1bado 4 de enero un nuevo llamamiento al \u00abdon\u00bb de la paz, en medio de la reciente escalada de tensiones entre Estados Unidos e Ir\u00e1n, que no mencion\u00f3. \u00abDebemos creer que el otro tiene nuestra misma necesidad de paz. No se logra la paz si no se la espera. \u00a1Pidamos [&hellip;]<\/p>\n","protected":false},"author":2,"featured_media":157406,"comment_status":"closed","ping_status":"closed","sticky":false,"template":"","format":"standard","meta":{"footnotes":""},"categories":[5,8],"tags":[],"class_list":{"0":"post-157631","1":"post","2":"type-post","3":"status-publish","4":"format-standard","5":"has-post-thumbnail","7":"category-destacado","8":"category-internacionales"},"_links":{"self":[{"href":"https:\/\/elluchador.info\/index.php?rest_route=\/wp\/v2\/posts\/157631","targetHints":{"allow":["GET"]}}],"collection":[{"href":"https:\/\/elluchador.info\/index.php?rest_route=\/wp\/v2\/posts"}],"about":[{"href":"https:\/\/elluchador.info\/index.php?rest_route=\/wp\/v2\/types\/post"}],"author":[{"embeddable":true,"href":"https:\/\/elluchador.info\/index.php?rest_route=\/wp\/v2\/users\/2"}],"replies":[{"embeddable":true,"href":"https:\/\/elluchador.info\/index.php?rest_route=%2Fwp%2Fv2%2Fcomments&post=157631"}],"version-history":[{"count":1,"href":"https:\/\/elluchador.info\/index.php?rest_route=\/wp\/v2\/posts\/157631\/revisions"}],"predecessor-version":[{"id":157632,"href":"https:\/\/elluchador.info\/index.php?rest_route=\/wp\/v2\/posts\/157631\/revisions\/157632"}],"wp:featuredmedia":[{"embeddable":true,"href":"https:\/\/elluchador.info\/index.php?rest_route=\/wp\/v2\/media\/157406"}],"wp:attachment":[{"href":"https:\/\/elluchador.info\/index.php?rest_route=%2Fwp%2Fv2%2Fmedia&parent=157631"}],"wp:term":[{"taxonomy":"category","embeddable":true,"href":"https:\/\/elluchador.info\/index.php?rest_route=%2Fwp%2Fv2%2Fcategories&post=157631"},{"taxonomy":"post_tag","embeddable":true,"href":"https:\/\/elluchador.info\/index.php?rest_route=%2Fwp%2Fv2%2Ftags&post=157631"}],"curies":[{"name":"wp","href":"https:\/\/api.w.org\/{rel}","templated":true}]}}