{"id":157640,"date":"2020-01-05T10:00:10","date_gmt":"2020-01-05T14:00:10","guid":{"rendered":"https:\/\/elluchador.info\/web\/?p=157640"},"modified":"2020-01-05T08:59:43","modified_gmt":"2020-01-05T12:59:43","slug":"guaido-insta-a-la-comunidad-internacional-a-estar-atenta-a-la-votacion-de-la-an-el-5-e","status":"publish","type":"post","link":"https:\/\/elluchador.info\/?p=157640","title":{"rendered":"Guaid\u00f3 insta a la comunidad internacional a estar atenta a la votaci\u00f3n de la AN el 5-E"},"content":{"rendered":"\n<p> El presidente de la Asamblea Nacional (AN), Juan Guaid\u00f3, inform\u00f3 este viernes 3 de enero a la comunidad internacional que este domingo 5 de enero ser\u00e1 ratificada la Presidencia de la Junta Directiva del Parlamento como lo establece la Constituci\u00f3n nacional. <\/p>\n\n\n\n<p>Guaid\u00f3 record\u00f3 que el Gobierno de Nicol\u00e1s Maduro se ha dedicado a \u201cperseguir\u201d a los parlamentarios, con \u201cviolaci\u00f3n del recinto\u201d de la AN, \u201csoborno a diputados\u201d, \u201cpersecuci\u00f3n\u201d, \u201cimputaci\u00f3n de delitos infundados\u201d, \u201cviolaci\u00f3n de la inmunidad parlamentaria\u201d consagrada en el art\u00edculo 200 de la Constituci\u00f3n y \u201cejecuci\u00f3n de detenciones arbitrarias\u201d que los ha forzado a la clandestinidad, \u201cal refugio y al exilio\u201d.<\/p>\n\n\n\n<p>Ante estas acciones, el pasado 17 de diciembre el Parlamento aprob\u00f3 la Reforma del Reglamento de Interior y Debates de la AN, incorporando regulaciones que permitir\u00e1n la utilizaci\u00f3n de las tecnolog\u00edas de la informaci\u00f3n y las comunicaciones para la votaci\u00f3n electr\u00f3nica de los diputados que se encuentran en el exilio, para garantizar un proceso democr\u00e1tico en dicha votaci\u00f3n.<\/p>\n\n\n\n<p>Por esta raz\u00f3n, inst\u00f3 a la comunidad internacional y los organismos multilaterales a que supervise de cerca este proceso que se llevar\u00e1 a cabo en el Parlamento. (Panorama)<\/p>\n","protected":false},"excerpt":{"rendered":"<p>El presidente de la Asamblea Nacional (AN), Juan Guaid\u00f3, inform\u00f3 este viernes 3 de enero a la comunidad internacional que este domingo 5 de enero ser\u00e1 ratificada la Presidencia de la Junta Directiva del Parlamento como lo establece la Constituci\u00f3n nacional. Guaid\u00f3 record\u00f3 que el Gobierno de Nicol\u00e1s Maduro se ha dedicado a \u201cperseguir\u201d a [&hellip;]<\/p>\n","protected":false},"author":2,"featured_media":157641,"comment_status":"closed","ping_status":"closed","sticky":false,"template":"","format":"standard","meta":{"footnotes":""},"categories":[5,9],"tags":[],"class_list":{"0":"post-157640","1":"post","2":"type-post","3":"status-publish","4":"format-standard","5":"has-post-thumbnail","7":"category-destacado","8":"category-nacionales"},"_links":{"self":[{"href":"https:\/\/elluchador.info\/index.php?rest_route=\/wp\/v2\/posts\/157640","targetHints":{"allow":["GET"]}}],"collection":[{"href":"https:\/\/elluchador.info\/index.php?rest_route=\/wp\/v2\/posts"}],"about":[{"href":"https:\/\/elluchador.info\/index.php?rest_route=\/wp\/v2\/types\/post"}],"author":[{"embeddable":true,"href":"https:\/\/elluchador.info\/index.php?rest_route=\/wp\/v2\/users\/2"}],"replies":[{"embeddable":true,"href":"https:\/\/elluchador.info\/index.php?rest_route=%2Fwp%2Fv2%2Fcomments&post=157640"}],"version-history":[{"count":1,"href":"https:\/\/elluchador.info\/index.php?rest_route=\/wp\/v2\/posts\/157640\/revisions"}],"predecessor-version":[{"id":157642,"href":"https:\/\/elluchador.info\/index.php?rest_route=\/wp\/v2\/posts\/157640\/revisions\/157642"}],"wp:featuredmedia":[{"embeddable":true,"href":"https:\/\/elluchador.info\/index.php?rest_route=\/wp\/v2\/media\/157641"}],"wp:attachment":[{"href":"https:\/\/elluchador.info\/index.php?rest_route=%2Fwp%2Fv2%2Fmedia&parent=157640"}],"wp:term":[{"taxonomy":"category","embeddable":true,"href":"https:\/\/elluchador.info\/index.php?rest_route=%2Fwp%2Fv2%2Fcategories&post=157640"},{"taxonomy":"post_tag","embeddable":true,"href":"https:\/\/elluchador.info\/index.php?rest_route=%2Fwp%2Fv2%2Ftags&post=157640"}],"curies":[{"name":"wp","href":"https:\/\/api.w.org\/{rel}","templated":true}]}}