{"id":157662,"date":"2020-01-05T16:00:09","date_gmt":"2020-01-05T20:00:09","guid":{"rendered":"https:\/\/elluchador.info\/web\/?p=157662"},"modified":"2020-01-05T10:40:59","modified_gmt":"2020-01-05T14:40:59","slug":"si-tu-contorno-de-ojos-aparenta-mas-anos-de-los-que-tienes-sigue-estos-consejos","status":"publish","type":"post","link":"https:\/\/elluchador.info\/?p=157662","title":{"rendered":"Si tu contorno de ojos aparenta m\u00e1s a\u00f1os de los que tienes, sigue estos consejos"},"content":{"rendered":"\n<p>Dicen que los ojos son el espejo\ndel alma. Pues bien, a\u00f1adir\u00edamos que el contorno es el espejo del cuerpo.&nbsp; A trav\u00e9s de \u00e9l es muy f\u00e1cil identificar si\nuna persona descansa bien, se cuida, r\u00ede mucho e incluso su tipo de piel. En\neste caso es mejor prevenir, y si quieres que tu contorno de ojos no te sume\na\u00f1os, estas son las claves que deber\u00edas tener en cuenta.<\/p>\n\n\n\n<p>Desmaquillate siempre (y bien),\nantes de ir a dormir<\/p>\n\n\n\n<p>Todos sabemos la teor\u00eda, pero\nmuchos fallamos algunas veces en la pr\u00e1ctica (sobre todo cuando estamos muy\ncansados). Irte a la cama con la piel perfectamente limpia es imprescindible\npara mantener la piel sana, evitar que aparezcan milliums y como paso\nindispensable antes de hidratar la zona.<\/p>\n\n\n\n<p>A la hora de elegir el\ndesmaquillante, opta por uno con base oleosa, ya que retira todo m\u00e1s f\u00e1cilmente\ny evita que maltrates la zona durante el proceso.<\/p>\n\n\n\n<p>Invierte en un buen contorno de\nojos<\/p>\n\n\n\n<p>Hay algunos cosm\u00e9ticos en los que\ndeber\u00edamos invertir y este sin duda es uno de ellos: la piel del contorno es\nmuch\u00edsimo m\u00e1s fina y sensible que la del resto de la cara, as\u00ed que, ni debemos\naplicar la misma crema del rostro, ni much\u00edsimo menos no hidratarla. El dinero\nque gastes en contornos a tiempo, los ahorrar\u00e1s en antiarrugas despu\u00e9s. <\/p>\n\n\n\n<p>Tr\u00e1talo con cari\u00f1o<\/p>\n\n\n\n<p>Cuando desmaquilles, apliques la\ncrema o te maquilles, trata tu contorno como si fuese el p\u00e9talo de una rosa. Es\nuna zona sumamente delicada y puede que t\u00fa misma est\u00e9s acentuando esas l\u00edneas\nde expresi\u00f3n sin darte cuenta. <\/p>\n\n\n\n<p>Ponte una mascarilla o parches al\nmenos una vez a la semana<\/p>\n\n\n\n<p>Quienes tienen un contorno\ncomplicado (sensible, con tendencia a deshidratarse y a veces con dermatitis),\npuede mejorar much\u00edsimo si se&nbsp; trata con\nm\u00e1s mimo, y eso incluye mascarillas y parches descongestivos. No solo le\naportas una buena dosis de activos, sino que tambi\u00e9n ayudas a evitar l\u00edneas de\nexpresi\u00f3n prematuras.<\/p>\n\n\n\n<p>Nunca salgas de casa sin tus\ngafas<\/p>\n\n\n\n<p>Elige unas de buena calidad. Si\nutilizas gafas graduadas, elige fotocrom\u00e1ticas (de las que cambian de color),\nya que el sol causa verdaderos estragos sobre la piel, ya sea v\u00eda radiaci\u00f3n\n&#8211;hay muchas ojeras que en realidad son manchas pigmentarias que se borran con\nIPL&#8211;, o simplemente porque el reflejo de fruncir el ce\u00f1o cuando la luz nos\nmolesta, resiente mucho la zona. <\/p>\n\n\n\n<p>Bebe mucha agua<\/p>\n\n\n\n<p>Beber agua, y en general cuidar\ntu alimentaci\u00f3n pueden evitarte bolsas y ojeras: el exceso de sal puede ser el\ncausante de las primera, y la falta de hierro de las segundas, por ejemplo).\nSomos lo que comemos y en este caso ni el contorno se salva.<\/p>\n\n\n\n<p>Duerme y r\u00ede todo lo que puedas<\/p>\n\n\n\n<p>Ya sabemos que dormir bien es\nimprescindible para que el cuerpo se regenere y pueda llevar a cabo sus\nfunciones durante el d\u00eda. El cansancio se nota autom\u00e1ticamente en el contorno\nde los ojos porque los vasos capilares se dilatan, otorgando a la zona un color\nmorado. Es uno de los muchos motivos por los cuales deber\u00edamos dormir 8 horas.<\/p>\n\n\n\n<p>Re\u00edr tambi\u00e9n tiene muchas\nventajas, ya que activas los m\u00fasculos faciales y estimulas la microcirculaci\u00f3n,\nincluyendo la de la zona del contorno&#8230; eso sin contar con los beneficios que\ntrae a nuestro bienestar f\u00edsico y emocional. (Panorama)<\/p>\n","protected":false},"excerpt":{"rendered":"<p>Dicen que los ojos son el espejo del alma. Pues bien, a\u00f1adir\u00edamos que el contorno es el espejo del cuerpo.&nbsp; A trav\u00e9s de \u00e9l es muy f\u00e1cil identificar si una persona descansa bien, se cuida, r\u00ede mucho e incluso su tipo de piel. En este caso es mejor prevenir, y si quieres que tu contorno [&hellip;]<\/p>\n","protected":false},"author":2,"featured_media":157663,"comment_status":"closed","ping_status":"closed","sticky":false,"template":"","format":"standard","meta":{"footnotes":""},"categories":[3],"tags":[],"class_list":{"0":"post-157662","1":"post","2":"type-post","3":"status-publish","4":"format-standard","5":"has-post-thumbnail","7":"category-curiosidades"},"_links":{"self":[{"href":"https:\/\/elluchador.info\/index.php?rest_route=\/wp\/v2\/posts\/157662","targetHints":{"allow":["GET"]}}],"collection":[{"href":"https:\/\/elluchador.info\/index.php?rest_route=\/wp\/v2\/posts"}],"about":[{"href":"https:\/\/elluchador.info\/index.php?rest_route=\/wp\/v2\/types\/post"}],"author":[{"embeddable":true,"href":"https:\/\/elluchador.info\/index.php?rest_route=\/wp\/v2\/users\/2"}],"replies":[{"embeddable":true,"href":"https:\/\/elluchador.info\/index.php?rest_route=%2Fwp%2Fv2%2Fcomments&post=157662"}],"version-history":[{"count":1,"href":"https:\/\/elluchador.info\/index.php?rest_route=\/wp\/v2\/posts\/157662\/revisions"}],"predecessor-version":[{"id":157664,"href":"https:\/\/elluchador.info\/index.php?rest_route=\/wp\/v2\/posts\/157662\/revisions\/157664"}],"wp:featuredmedia":[{"embeddable":true,"href":"https:\/\/elluchador.info\/index.php?rest_route=\/wp\/v2\/media\/157663"}],"wp:attachment":[{"href":"https:\/\/elluchador.info\/index.php?rest_route=%2Fwp%2Fv2%2Fmedia&parent=157662"}],"wp:term":[{"taxonomy":"category","embeddable":true,"href":"https:\/\/elluchador.info\/index.php?rest_route=%2Fwp%2Fv2%2Fcategories&post=157662"},{"taxonomy":"post_tag","embeddable":true,"href":"https:\/\/elluchador.info\/index.php?rest_route=%2Fwp%2Fv2%2Ftags&post=157662"}],"curies":[{"name":"wp","href":"https:\/\/api.w.org\/{rel}","templated":true}]}}