{"id":157679,"date":"2020-01-05T11:35:51","date_gmt":"2020-01-05T15:35:51","guid":{"rendered":"https:\/\/elluchador.info\/web\/?p=157679"},"modified":"2020-01-05T11:30:37","modified_gmt":"2020-01-05T15:30:37","slug":"hoy-se-instala-nueva-junta-directiva-del-parlamento-venezolano","status":"publish","type":"post","link":"https:\/\/elluchador.info\/?p=157679","title":{"rendered":"Hoy se instala nueva junta directiva del parlamento venezolano"},"content":{"rendered":"\n<p>De acuerdo a la legislaci\u00f3n\nvenezolana, este domingo 5 de enero se debe instalar la nueva junta directiva\nde la Asamblea Nacional para el nuevo periodo anual de sesiones ordinarias que\ncorresponde al a\u00f1o legislativo 2020-2021. <\/p>\n\n\n\n<p>Cumpliendo con los lineamientos\ndel Reglamento de Interior y de Debates, los diputados deben escoger una nueva\njunta directiva integrada por presidente, primer vicepresidente y segundo vicepresidente\nprevias postulaciones ante la plenaria.<\/p>\n\n\n\n<p>Esta sesi\u00f3n es la que simboliza el reinicio de actividades en el Parlamento luego de la pausa navide\u00f1a y que ser\u00e1 el \u00faltimo a\u00f1o del actual per\u00edodo constitucional que arranc\u00f3 en enero del a\u00f1o 2016, luego de las elecciones parlamentarias de 2015 y que estar\u00e1 marcado por la posible reelecci\u00f3n de Juan Guaid\u00f3.\u00a0(Con informaci\u00f3n de (eltiempolatino)<\/p>\n","protected":false},"excerpt":{"rendered":"<p>De acuerdo a la legislaci\u00f3n venezolana, este domingo 5 de enero se debe instalar la nueva junta directiva de la Asamblea Nacional para el nuevo periodo anual de sesiones ordinarias que corresponde al a\u00f1o legislativo 2020-2021. Cumpliendo con los lineamientos del Reglamento de Interior y de Debates, los diputados deben escoger una nueva junta directiva [&hellip;]<\/p>\n","protected":false},"author":2,"featured_media":157637,"comment_status":"closed","ping_status":"closed","sticky":false,"template":"","format":"standard","meta":{"footnotes":""},"categories":[5,11],"tags":[],"class_list":{"0":"post-157679","1":"post","2":"type-post","3":"status-publish","4":"format-standard","5":"has-post-thumbnail","7":"category-destacado","8":"category-politica"},"_links":{"self":[{"href":"https:\/\/elluchador.info\/index.php?rest_route=\/wp\/v2\/posts\/157679","targetHints":{"allow":["GET"]}}],"collection":[{"href":"https:\/\/elluchador.info\/index.php?rest_route=\/wp\/v2\/posts"}],"about":[{"href":"https:\/\/elluchador.info\/index.php?rest_route=\/wp\/v2\/types\/post"}],"author":[{"embeddable":true,"href":"https:\/\/elluchador.info\/index.php?rest_route=\/wp\/v2\/users\/2"}],"replies":[{"embeddable":true,"href":"https:\/\/elluchador.info\/index.php?rest_route=%2Fwp%2Fv2%2Fcomments&post=157679"}],"version-history":[{"count":1,"href":"https:\/\/elluchador.info\/index.php?rest_route=\/wp\/v2\/posts\/157679\/revisions"}],"predecessor-version":[{"id":157680,"href":"https:\/\/elluchador.info\/index.php?rest_route=\/wp\/v2\/posts\/157679\/revisions\/157680"}],"wp:featuredmedia":[{"embeddable":true,"href":"https:\/\/elluchador.info\/index.php?rest_route=\/wp\/v2\/media\/157637"}],"wp:attachment":[{"href":"https:\/\/elluchador.info\/index.php?rest_route=%2Fwp%2Fv2%2Fmedia&parent=157679"}],"wp:term":[{"taxonomy":"category","embeddable":true,"href":"https:\/\/elluchador.info\/index.php?rest_route=%2Fwp%2Fv2%2Fcategories&post=157679"},{"taxonomy":"post_tag","embeddable":true,"href":"https:\/\/elluchador.info\/index.php?rest_route=%2Fwp%2Fv2%2Ftags&post=157679"}],"curies":[{"name":"wp","href":"https:\/\/api.w.org\/{rel}","templated":true}]}}