{"id":157814,"date":"2020-01-07T10:22:14","date_gmt":"2020-01-07T14:22:14","guid":{"rendered":"https:\/\/elluchador.info\/web\/?p=157814"},"modified":"2020-01-07T10:12:37","modified_gmt":"2020-01-07T14:12:37","slug":"guaido-sale-de-la-sede-de-ad-rumbo-al-palacio-legislativo","status":"publish","type":"post","link":"https:\/\/elluchador.info\/?p=157814","title":{"rendered":"Guaid\u00f3 sale de la sede de AD rumbo al Palacio Legislativo"},"content":{"rendered":"\n<p>Pasada las 9:50 de la ma\u00f1ana\nde este martes, el presidente de la Asamblea Nacional, Juan Guaid\u00f3, sali\u00f3 de la\nsede del partido Acci\u00f3n Democr\u00e1tica rumbo al Palacio Legislativo.<\/p>\n\n\n\n<p>All\u00ed, prev\u00e9 desarrollar la\nque ser\u00e1 la primera sesi\u00f3n del a\u00f1o. Sin embargo, agentes de la Guardia Nacional\nBolivariana y otras fuerzas policiales \u00abresguardan\u00bb los alrededores de la\nAsamblea Nacional.<\/p>\n\n\n\n<p>A su llegada a la sede del\npartido, Guaid\u00f3 ratific\u00f3 que tiene planteado realizar la sesi\u00f3n en el hemiciclo\nde sesiones del Palacio Legislativo legislativo.<\/p>\n\n\n\n<p>\u00abVenezuela vive una dictadura la cual estamos estamos enfrentando y vamos a lograr vencer\u00ab, expres\u00f3.<\/p>\n\n\n\n<p><strong>Elnacional.com<\/strong><\/p>\n","protected":false},"excerpt":{"rendered":"<p>Pasada las 9:50 de la ma\u00f1ana de este martes, el presidente de la Asamblea Nacional, Juan Guaid\u00f3, sali\u00f3 de la sede del partido Acci\u00f3n Democr\u00e1tica rumbo al Palacio Legislativo. All\u00ed, prev\u00e9 desarrollar la que ser\u00e1 la primera sesi\u00f3n del a\u00f1o. Sin embargo, agentes de la Guardia Nacional Bolivariana y otras fuerzas policiales \u00abresguardan\u00bb los alrededores [&hellip;]<\/p>\n","protected":false},"author":2,"featured_media":157816,"comment_status":"closed","ping_status":"closed","sticky":false,"template":"","format":"standard","meta":{"footnotes":""},"categories":[5,9],"tags":[],"class_list":{"0":"post-157814","1":"post","2":"type-post","3":"status-publish","4":"format-standard","5":"has-post-thumbnail","7":"category-destacado","8":"category-nacionales"},"_links":{"self":[{"href":"https:\/\/elluchador.info\/index.php?rest_route=\/wp\/v2\/posts\/157814","targetHints":{"allow":["GET"]}}],"collection":[{"href":"https:\/\/elluchador.info\/index.php?rest_route=\/wp\/v2\/posts"}],"about":[{"href":"https:\/\/elluchador.info\/index.php?rest_route=\/wp\/v2\/types\/post"}],"author":[{"embeddable":true,"href":"https:\/\/elluchador.info\/index.php?rest_route=\/wp\/v2\/users\/2"}],"replies":[{"embeddable":true,"href":"https:\/\/elluchador.info\/index.php?rest_route=%2Fwp%2Fv2%2Fcomments&post=157814"}],"version-history":[{"count":1,"href":"https:\/\/elluchador.info\/index.php?rest_route=\/wp\/v2\/posts\/157814\/revisions"}],"predecessor-version":[{"id":157818,"href":"https:\/\/elluchador.info\/index.php?rest_route=\/wp\/v2\/posts\/157814\/revisions\/157818"}],"wp:featuredmedia":[{"embeddable":true,"href":"https:\/\/elluchador.info\/index.php?rest_route=\/wp\/v2\/media\/157816"}],"wp:attachment":[{"href":"https:\/\/elluchador.info\/index.php?rest_route=%2Fwp%2Fv2%2Fmedia&parent=157814"}],"wp:term":[{"taxonomy":"category","embeddable":true,"href":"https:\/\/elluchador.info\/index.php?rest_route=%2Fwp%2Fv2%2Fcategories&post=157814"},{"taxonomy":"post_tag","embeddable":true,"href":"https:\/\/elluchador.info\/index.php?rest_route=%2Fwp%2Fv2%2Ftags&post=157814"}],"curies":[{"name":"wp","href":"https:\/\/api.w.org\/{rel}","templated":true}]}}