{"id":158292,"date":"2020-01-09T16:36:10","date_gmt":"2020-01-09T20:36:10","guid":{"rendered":"https:\/\/elluchador.info\/web\/?p=158292"},"modified":"2020-01-09T15:58:20","modified_gmt":"2020-01-09T19:58:20","slug":"ue-califica-de-ilegitima-directiva-de-parra-y-amenaza-con-sanciones","status":"publish","type":"post","link":"https:\/\/elluchador.info\/?p=158292","title":{"rendered":"UE califica de \u00abileg\u00edtima\u00bb directiva de Parra y amenaza con sanciones"},"content":{"rendered":"\n<p>El alto representante para la Pol\u00edtica Exterior de la Uni\u00f3n Europea, Josep Borrell, se\u00f1al\u00f3 este jueves que la UE no considera leg\u00edtima la elecci\u00f3n del diputado Luis Parra como presidente de la Asamblea Nacional (AN) y amenaz\u00f3 con \u00abmedidas espec\u00edficas contra las personas involucradas\u00bb.<\/p>\n\n\n\n<blockquote class=\"wp-block-quote is-layout-flow wp-block-quote-is-layout-flow\"><p>\u00abLa Uni\u00f3n Europea considera que la sesi\u00f3n de votaci\u00f3n que condujo a la \u2018elecci\u00f3n\u2019 de Luis Parra no es leg\u00edtima, ya que no respet\u00f3 los procedimientos legales ni los principios constitucionales democr\u00e1ticos\u00bb, dijo.<\/p><\/blockquote>\n\n\n\n<p>A trav\u00e9s de un comunicado Borrell subray\u00f3 que la UE \u00abexpresa su pleno apoyo a Juan Guaid\u00f3 como presidente de la Asamblea Nacional\u00bb.<\/p>\n\n\n\n<p>El jefe de la diplomacia europea rechaz\u00f3 \u00ablas violaciones del funcionamiento democr\u00e1tico y constitucional\u00bb del Parlamento, que adem\u00e1s, calific\u00f3 de \u00abinaceptables\u00bb.<\/p>\n\n\n\n<blockquote class=\"wp-block-quote is-layout-flow wp-block-quote-is-layout-flow\"><p>\u00abA la luz de estos actos y decisiones graves que socavan la democracia, el estado de Derecho y los derechos humanos, la UE est\u00e1 lista para comenzar a trabajar para aplicar medidas espec\u00edficas contra las personas involucradas en la violaci\u00f3n de estos principios y derechos\u00bb, indic\u00f3.<\/p><\/blockquote>\n\n\n\n<p>Borrell precis\u00f3 que esas medidas no \u00abda\u00f1ar\u00e1n\u00bb a la sociedad venezolana.<\/p>\n\n\n\n<p>EFE<\/p>\n","protected":false},"excerpt":{"rendered":"<p>El alto representante para la Pol\u00edtica Exterior de la Uni\u00f3n Europea, Josep Borrell, se\u00f1al\u00f3 este jueves que la UE no considera leg\u00edtima la elecci\u00f3n del diputado Luis Parra como presidente de la Asamblea Nacional (AN) y amenaz\u00f3 con \u00abmedidas espec\u00edficas contra las personas involucradas\u00bb. \u00abLa Uni\u00f3n Europea considera que la sesi\u00f3n de votaci\u00f3n que condujo [&hellip;]<\/p>\n","protected":false},"author":2,"featured_media":158297,"comment_status":"closed","ping_status":"closed","sticky":false,"template":"","format":"standard","meta":{"footnotes":""},"categories":[5,8],"tags":[],"class_list":{"0":"post-158292","1":"post","2":"type-post","3":"status-publish","4":"format-standard","5":"has-post-thumbnail","7":"category-destacado","8":"category-internacionales"},"_links":{"self":[{"href":"https:\/\/elluchador.info\/index.php?rest_route=\/wp\/v2\/posts\/158292","targetHints":{"allow":["GET"]}}],"collection":[{"href":"https:\/\/elluchador.info\/index.php?rest_route=\/wp\/v2\/posts"}],"about":[{"href":"https:\/\/elluchador.info\/index.php?rest_route=\/wp\/v2\/types\/post"}],"author":[{"embeddable":true,"href":"https:\/\/elluchador.info\/index.php?rest_route=\/wp\/v2\/users\/2"}],"replies":[{"embeddable":true,"href":"https:\/\/elluchador.info\/index.php?rest_route=%2Fwp%2Fv2%2Fcomments&post=158292"}],"version-history":[{"count":1,"href":"https:\/\/elluchador.info\/index.php?rest_route=\/wp\/v2\/posts\/158292\/revisions"}],"predecessor-version":[{"id":158298,"href":"https:\/\/elluchador.info\/index.php?rest_route=\/wp\/v2\/posts\/158292\/revisions\/158298"}],"wp:featuredmedia":[{"embeddable":true,"href":"https:\/\/elluchador.info\/index.php?rest_route=\/wp\/v2\/media\/158297"}],"wp:attachment":[{"href":"https:\/\/elluchador.info\/index.php?rest_route=%2Fwp%2Fv2%2Fmedia&parent=158292"}],"wp:term":[{"taxonomy":"category","embeddable":true,"href":"https:\/\/elluchador.info\/index.php?rest_route=%2Fwp%2Fv2%2Fcategories&post=158292"},{"taxonomy":"post_tag","embeddable":true,"href":"https:\/\/elluchador.info\/index.php?rest_route=%2Fwp%2Fv2%2Ftags&post=158292"}],"curies":[{"name":"wp","href":"https:\/\/api.w.org\/{rel}","templated":true}]}}