{"id":158296,"date":"2020-01-09T16:20:40","date_gmt":"2020-01-09T20:20:40","guid":{"rendered":"https:\/\/elluchador.info\/web\/?p=158296"},"modified":"2020-01-09T16:13:37","modified_gmt":"2020-01-09T20:13:37","slug":"duques-de-sussex-dan-un-paso-atras-como-miembros-de-la-familia-real-britanica","status":"publish","type":"post","link":"https:\/\/elluchador.info\/?p=158296","title":{"rendered":"Duques de Sussex dan un paso atr\u00e1s como miembros de la familia real brit\u00e1nica"},"content":{"rendered":"\n<p>Un a\u00f1o y medio despu\u00e9s de su medi\u00e1tica boda en el castillo de Windsor (Inglaterra), los duques de Sussex, Enrique y Meghan, han decidido dar un paso atr\u00e1s en sus funciones como representantes de la monarqu\u00eda brit\u00e1nica y repartir su tiempo entre el Reino Unido y Norteam\u00e9rica.<\/p>\n\n\n\n<p>Las recurrentes pol\u00e9micas sobre su relaci\u00f3n con el resto de miembros de la familia real y la presi\u00f3n por parte de los medios de comunicaci\u00f3n han marcado&nbsp;<strong>hasta ahora la relaci\u00f3n del hijo menor de Carlos de Inglaterra, de 35 a\u00f1os, y la exactriz estadounidense, de 38.<\/strong><\/p>\n\n\n\n<p>Padres de un ni\u00f1o, Archie, desde hace ocho meses, han comunicado este mi\u00e9rcoles que tienen intenci\u00f3n de alejarse de sus obligaciones oficiales como miembros \u00absenior\u00bb de la monarqu\u00eda y \u00abtrabajar para ser financieramente independientes\u00bb.<\/p>\n\n\n\n<p>Han asegurado que c<strong>ontinuar\u00e1n cumpliendo con sus \u00abobligaciones\u00bb respecto a la instituci\u00f3n que encabeza la reina Isabel II, la Mancomunidad de Naciones (Commonwealth) y<\/strong>&nbsp;las fundaciones con las que colaboran, pero ya no pasar\u00e1n todo su tiempo en las islas brit\u00e1nicas.<\/p>\n\n\n\n<blockquote class=\"wp-block-quote is-layout-flow wp-block-quote-is-layout-flow\"><p>\u00abEse equilibrio geogr\u00e1fico nos permitir\u00e1 educar a nuestro hijo de forma que aprecie la tradici\u00f3n real en la que ha nacido y proveer, al mismo tiempo, a nuestra familia del espacio que necesita para centrarse en su pr\u00f3ximo cap\u00edtulo\u00bb, han indicado Enrique y Meghan.<\/p><\/blockquote>\n\n\n\n<p>En un comunicado divulgado por ambos en su cuenta de Instagram, los duques han avanzado que tienen pensado lanzar \u00ab<strong>una nueva entidad de caridad<\/strong>\u00ab, de la cual dar\u00e1n m\u00e1s detalles en el futuro.<\/p>\n\n\n\n<p>El matrimonio ha comunicado sus planes poco despu\u00e9s de un viaje a Canad\u00e1, donde Meghan vivi\u00f3 siete a\u00f1os, mientras rodaba la serie \u00abSuits\u00bb, que les sirvi\u00f3 para mantenerse alejados de los compromisos oficiales durante cerca de dos meses.<\/p>\n\n\n\n<p>Semanas antes de las Navidades, los problemas del matrimonio para lidiar con la presi\u00f3n de estar en el foco medi\u00e1tico se hicieron evidentes en un documental que emiti\u00f3 el canal brit\u00e1nico ITV.<\/p>\n\n\n\n<blockquote class=\"wp-block-quote is-layout-flow wp-block-quote-is-layout-flow\"><p>\u00abNo me obligar\u00e1n a jugar al juego que mat\u00f3 a mi madre\u00bb, dec\u00eda en ese programa el pr\u00edncipe, hijo de Diana de Gales, fallecida en agosto de 1997 en Par\u00eds en un accidente de autom\u00f3vil cuando le persegu\u00edan varios \u00abpaparazzi\u00bb.<\/p><\/blockquote>\n\n\n\n<p>En ese mismo documental, Meghan se sincer\u00f3 con el periodista y estuvo a punto de echarse a llorar. La emotividad de la grabaci\u00f3n hizo que la prensa brit\u00e1nica la comparara con una famosa entrevista que ofreci\u00f3 Diana a la BBC en 1995, en la que habl\u00f3 por primera vez de forma abierta de su relaci\u00f3n con Carlos.<\/p>\n\n\n\n<p>\n\nEFE\n\n<\/p>\n","protected":false},"excerpt":{"rendered":"<p>Un a\u00f1o y medio despu\u00e9s de su medi\u00e1tica boda en el castillo de Windsor (Inglaterra), los duques de Sussex, Enrique y Meghan, han decidido dar un paso atr\u00e1s en sus funciones como representantes de la monarqu\u00eda brit\u00e1nica y repartir su tiempo entre el Reino Unido y Norteam\u00e9rica. Las recurrentes pol\u00e9micas sobre su relaci\u00f3n con el [&hellip;]<\/p>\n","protected":false},"author":2,"featured_media":116182,"comment_status":"closed","ping_status":"closed","sticky":false,"template":"","format":"standard","meta":{"footnotes":""},"categories":[20,12],"tags":[],"class_list":{"0":"post-158296","1":"post","2":"type-post","3":"status-publish","4":"format-standard","5":"has-post-thumbnail","7":"category-municipal","8":"category-regionales"},"_links":{"self":[{"href":"https:\/\/elluchador.info\/index.php?rest_route=\/wp\/v2\/posts\/158296","targetHints":{"allow":["GET"]}}],"collection":[{"href":"https:\/\/elluchador.info\/index.php?rest_route=\/wp\/v2\/posts"}],"about":[{"href":"https:\/\/elluchador.info\/index.php?rest_route=\/wp\/v2\/types\/post"}],"author":[{"embeddable":true,"href":"https:\/\/elluchador.info\/index.php?rest_route=\/wp\/v2\/users\/2"}],"replies":[{"embeddable":true,"href":"https:\/\/elluchador.info\/index.php?rest_route=%2Fwp%2Fv2%2Fcomments&post=158296"}],"version-history":[{"count":1,"href":"https:\/\/elluchador.info\/index.php?rest_route=\/wp\/v2\/posts\/158296\/revisions"}],"predecessor-version":[{"id":158300,"href":"https:\/\/elluchador.info\/index.php?rest_route=\/wp\/v2\/posts\/158296\/revisions\/158300"}],"wp:featuredmedia":[{"embeddable":true,"href":"https:\/\/elluchador.info\/index.php?rest_route=\/wp\/v2\/media\/116182"}],"wp:attachment":[{"href":"https:\/\/elluchador.info\/index.php?rest_route=%2Fwp%2Fv2%2Fmedia&parent=158296"}],"wp:term":[{"taxonomy":"category","embeddable":true,"href":"https:\/\/elluchador.info\/index.php?rest_route=%2Fwp%2Fv2%2Fcategories&post=158296"},{"taxonomy":"post_tag","embeddable":true,"href":"https:\/\/elluchador.info\/index.php?rest_route=%2Fwp%2Fv2%2Ftags&post=158296"}],"curies":[{"name":"wp","href":"https:\/\/api.w.org\/{rel}","templated":true}]}}