{"id":158336,"date":"2020-01-10T10:10:37","date_gmt":"2020-01-10T14:10:37","guid":{"rendered":"https:\/\/elluchador.info\/web\/?p=158336"},"modified":"2020-01-10T09:56:16","modified_gmt":"2020-01-10T13:56:16","slug":"diputado-argentino-aseguro-que-fernandez-esta-del-lado-de-maduro","status":"publish","type":"post","link":"https:\/\/elluchador.info\/?p=158336","title":{"rendered":"Diputado argentino asegur\u00f3 que Fern\u00e1ndez est\u00e1 del lado de Maduro"},"content":{"rendered":"\n<p>Este jueves durante una sesi\u00f3n\ndel Congreso de Argentina, el diputado \u00c1lvaro Mart\u00ednez dedic\u00f3 un homenaje a\nElisa Trotta, ex embajadora de Venezuela en Argentina.<\/p>\n\n\n\n<p>Mart\u00ednez tambi\u00e9n asegur\u00f3 que esta\nmedida supone que el presidente argentino apoya cada una de las violaciones a\nlos DD HH cometidas por el oficialismo en contra de los venezolanos. De acuerdo\ncon el parlamentario, esto confirma la postura del presidente, Alberto\nFern\u00e1ndez, con respecto al r\u00e9gimen de Nicol\u00e1s Maduro.<\/p>\n\n\n\n<p>#9Ene El diputado argentino,\nAlvaro Mart\u00ednez, se pronunci\u00f3 acerca de la destituci\u00f3n de la @EliTrotta y\nasegur\u00f3 que con esta decisi\u00f3n @alferdez se pone de lado del r\u00e9gimen de Maduro y\napoya las violaciones de los DDHH. <\/p>\n\n\n\n<p>\u00abQueda claro que est\u00e1n apoyando\nuna dictadura que ha generado el mayor \u00e9xodo de personas de la \u00e9poca moderna.\nTambi\u00e9n queda claro que apoyan los cr\u00edmenes de lesa humanidad y la desaparici\u00f3n\nde personas\u00bb, dijo.<\/p>\n\n\n\n<p>\u00c1lvaro Mart\u00ednez critic\u00f3 las\ntorturas que sufren las personas encarceladas por el r\u00e9gimen, adem\u00e1s de las\nviolaciones a los \u00f3rganos constitucionales, en referencia la Asamblea Nacional.<\/p>\n\n\n\n<p><strong>Democracia o dictadura<\/strong><\/p>\n\n\n\n<p>Detall\u00f3 ante el Congreso que \u00abcon\nel tema de Venezuela no se puede tener una tercera postura. Se est\u00e1 a favor de\nuna democracia o de una dictadura\u00bb.<\/p>\n\n\n\n<p>Finaliz\u00f3 su intervenci\u00f3n\ndedicando tambi\u00e9n su homenaje a los venezolanos que luchan por la libertad de\nVenezuela y en contra del r\u00e9gimen oficialista.<\/p>\n\n\n\n<p>Este suceso se suma a otros en\nlos que pa\u00edses del mundo han defendido y reconocido a los integrantes de la\noposici\u00f3n venezolana.<\/p>\n\n\n\n<p>Este jueves, la Embajada de\nFrancia en Venezuela public\u00f3 en su Twitter un comunicado en el que el\nMinisterio de Asuntos Exteriores de Francia reconoc\u00eda a Juan Guaid\u00f3 como el\npresidente de la Asamblea Nacional.<\/p>\n\n\n\n<p>\u00abFrancia saluda la reelecci\u00f3n de Juan Guaid\u00f3 el 5 de enero a la Presidencia de la Asamblea Nacional de Venezuela. Por lo consiguiente, sigue siendo para Francia el presidente de transici\u00f3n para poner una elecci\u00f3n presidencial libre y transparente\u00bb, dice el texto.<\/p>\n\n\n\n<p><strong>Elnacional.com<\/strong><\/p>\n","protected":false},"excerpt":{"rendered":"<p>Este jueves durante una sesi\u00f3n del Congreso de Argentina, el diputado \u00c1lvaro Mart\u00ednez dedic\u00f3 un homenaje a Elisa Trotta, ex embajadora de Venezuela en Argentina. Mart\u00ednez tambi\u00e9n asegur\u00f3 que esta medida supone que el presidente argentino apoya cada una de las violaciones a los DD HH cometidas por el oficialismo en contra de los venezolanos. [&hellip;]<\/p>\n","protected":false},"author":2,"featured_media":158345,"comment_status":"closed","ping_status":"closed","sticky":false,"template":"","format":"standard","meta":{"footnotes":""},"categories":[8],"tags":[],"class_list":{"0":"post-158336","1":"post","2":"type-post","3":"status-publish","4":"format-standard","5":"has-post-thumbnail","7":"category-internacionales"},"_links":{"self":[{"href":"https:\/\/elluchador.info\/index.php?rest_route=\/wp\/v2\/posts\/158336","targetHints":{"allow":["GET"]}}],"collection":[{"href":"https:\/\/elluchador.info\/index.php?rest_route=\/wp\/v2\/posts"}],"about":[{"href":"https:\/\/elluchador.info\/index.php?rest_route=\/wp\/v2\/types\/post"}],"author":[{"embeddable":true,"href":"https:\/\/elluchador.info\/index.php?rest_route=\/wp\/v2\/users\/2"}],"replies":[{"embeddable":true,"href":"https:\/\/elluchador.info\/index.php?rest_route=%2Fwp%2Fv2%2Fcomments&post=158336"}],"version-history":[{"count":1,"href":"https:\/\/elluchador.info\/index.php?rest_route=\/wp\/v2\/posts\/158336\/revisions"}],"predecessor-version":[{"id":158349,"href":"https:\/\/elluchador.info\/index.php?rest_route=\/wp\/v2\/posts\/158336\/revisions\/158349"}],"wp:featuredmedia":[{"embeddable":true,"href":"https:\/\/elluchador.info\/index.php?rest_route=\/wp\/v2\/media\/158345"}],"wp:attachment":[{"href":"https:\/\/elluchador.info\/index.php?rest_route=%2Fwp%2Fv2%2Fmedia&parent=158336"}],"wp:term":[{"taxonomy":"category","embeddable":true,"href":"https:\/\/elluchador.info\/index.php?rest_route=%2Fwp%2Fv2%2Fcategories&post=158336"},{"taxonomy":"post_tag","embeddable":true,"href":"https:\/\/elluchador.info\/index.php?rest_route=%2Fwp%2Fv2%2Ftags&post=158336"}],"curies":[{"name":"wp","href":"https:\/\/api.w.org\/{rel}","templated":true}]}}