{"id":158363,"date":"2020-01-10T10:10:47","date_gmt":"2020-01-10T14:10:47","guid":{"rendered":"https:\/\/elluchador.info\/web\/?p=158363"},"modified":"2020-01-10T10:00:49","modified_gmt":"2020-01-10T14:00:49","slug":"la-respuesta-de-valverde-a-la-derrota-es-dar-una-semana-libre","status":"publish","type":"post","link":"https:\/\/elluchador.info\/?p=158363","title":{"rendered":"La respuesta de Valverde a la derrota es dar una semana libre"},"content":{"rendered":"\n<p>Ernesto Valverde lleva tiempo en la cuerda floja, aunque se mantiene en el cargo pese al opaco accionar del equipo y las derrotas duras en el pasado.<\/p>\n\n\n\n<p>Este jueves el Atl\u00e9tico de Madrid dio un nuevo mazazo a su gesti\u00f3n y le evit\u00f3 sumar otro t\u00edtulo a su palmar\u00e9s con el Barca, esta vez gan\u00e1ndole el duelo en semifinales de la Supercopa de Espa\u00f1a.<\/p>\n\n\n\n<p>Ante todo este escenario muchos en las redes, como el periodista espa\u00f1ol David de las Heras, expresaron que lo mejor para el Barca era trabajar y resarcir el momento confuso.<\/p>\n\n\n\n<p>\u201cEl Bar\u00e7a no volver\u00e1 a jugar partido oficial hasta dentro de 10 d\u00edas. Semana y media de descanso es id\u00f3nea para trabajar\u201d, escribi\u00f3 el comunicador.<\/p>\n\n\n\n<p>Sin embargo, seg\u00fan el diario Sport, tras esta derrota dura para el barcelonismo, el DT extreme\u00f1o prefiri\u00f3 dar la semana libre a su plantilla.<\/p>\n\n\n\n<p>Todo esto es posible gracias a que los catalanes volver\u00e1n a la acci\u00f3n en La Liga el 19 de enero en un careo de locales contra el Granada.<\/p>\n\n\n\n<h2 class=\"wp-block-heading\">\u00bfDespido?<\/h2>\n\n\n\n<p>La situaci\u00f3n en Camp Barca en el \u00faltimo tiempo de Ernesto Valverde ha contado con una gran aversi\u00f3n contra el t\u00e9cnico por parte de la afici\u00f3n.<\/p>\n\n\n\n<p>No obstante, este rev\u00e9s contribuye a sumar a sus detractores razones para pedir su destituci\u00f3n del banquillo azulgrana, cosa que se rumorea en la prensa espa\u00f1ola desde hace d\u00edas.<\/p>\n\n\n\n<p>Pese a parecer estar en un momento complicado, Valverde no siente preocupaci\u00f3n por la continuidad en el cargo y lo ve como algo natural.<\/p>\n\n\n\n<p><strong>Elnacional.com<\/strong><\/p>\n","protected":false},"excerpt":{"rendered":"<p>Ernesto Valverde lleva tiempo en la cuerda floja, aunque se mantiene en el cargo pese al opaco accionar del equipo y las derrotas duras en el pasado. Este jueves el Atl\u00e9tico de Madrid dio un nuevo mazazo a su gesti\u00f3n y le evit\u00f3 sumar otro t\u00edtulo a su palmar\u00e9s con el Barca, esta vez gan\u00e1ndole [&hellip;]<\/p>\n","protected":false},"author":2,"featured_media":158366,"comment_status":"closed","ping_status":"closed","sticky":false,"template":"","format":"standard","meta":{"footnotes":""},"categories":[4],"tags":[],"class_list":{"0":"post-158363","1":"post","2":"type-post","3":"status-publish","4":"format-standard","5":"has-post-thumbnail","7":"category-deportes"},"_links":{"self":[{"href":"https:\/\/elluchador.info\/index.php?rest_route=\/wp\/v2\/posts\/158363","targetHints":{"allow":["GET"]}}],"collection":[{"href":"https:\/\/elluchador.info\/index.php?rest_route=\/wp\/v2\/posts"}],"about":[{"href":"https:\/\/elluchador.info\/index.php?rest_route=\/wp\/v2\/types\/post"}],"author":[{"embeddable":true,"href":"https:\/\/elluchador.info\/index.php?rest_route=\/wp\/v2\/users\/2"}],"replies":[{"embeddable":true,"href":"https:\/\/elluchador.info\/index.php?rest_route=%2Fwp%2Fv2%2Fcomments&post=158363"}],"version-history":[{"count":1,"href":"https:\/\/elluchador.info\/index.php?rest_route=\/wp\/v2\/posts\/158363\/revisions"}],"predecessor-version":[{"id":158367,"href":"https:\/\/elluchador.info\/index.php?rest_route=\/wp\/v2\/posts\/158363\/revisions\/158367"}],"wp:featuredmedia":[{"embeddable":true,"href":"https:\/\/elluchador.info\/index.php?rest_route=\/wp\/v2\/media\/158366"}],"wp:attachment":[{"href":"https:\/\/elluchador.info\/index.php?rest_route=%2Fwp%2Fv2%2Fmedia&parent=158363"}],"wp:term":[{"taxonomy":"category","embeddable":true,"href":"https:\/\/elluchador.info\/index.php?rest_route=%2Fwp%2Fv2%2Fcategories&post=158363"},{"taxonomy":"post_tag","embeddable":true,"href":"https:\/\/elluchador.info\/index.php?rest_route=%2Fwp%2Fv2%2Ftags&post=158363"}],"curies":[{"name":"wp","href":"https:\/\/api.w.org\/{rel}","templated":true}]}}