{"id":158466,"date":"2020-01-20T14:51:32","date_gmt":"2020-01-20T18:51:32","guid":{"rendered":"https:\/\/elluchador.info\/web\/?p=158466"},"modified":"2020-01-20T15:04:46","modified_gmt":"2020-01-20T19:04:46","slug":"real-madrid-oficializa-el-fichaje-del-brasileno-reinier","status":"publish","type":"post","link":"https:\/\/elluchador.info\/?p=158466","title":{"rendered":"Real Madrid oficializa el fichaje del brasile\u00f1o Reinier"},"content":{"rendered":"\n<p> El Real Madrid ha hecho oficial este lunes a trav\u00e9s de un comunicado el fichaje del\u00a0<strong>joven brasile\u00f1o Reinier Jesus hasta junio de 2026<\/strong>, que se incorporar\u00e1 al filial, el Castilla, cuando termine el Preol\u00edmpico con su selecci\u00f3n. <\/p>\n\n\n\n<p><strong>\u00abEl Real Madrid CF y el Clube de Regatas do Flamengo han acordado el traspaso de Reinier, que queda vinculado al club hasta junio de 2006\u00bb<\/strong>, reza el breve escrito del club del Santiago Bernab\u00e9u, que apunta su incoporaci\u00f3n al segundo equipo blanco cuando concluya el torneo de clasificaci\u00f3n para Tokio 2020, que se est\u00e1 disputando en Colombia y que concluir\u00e1 el 9 de febrero.<\/p>\n\n\n\n<p>El Real Madrid ha hecho el anuncio un d\u00eda despu\u00e9s de que Reinier cumpliera 18 a\u00f1os y de que se estrenara en el Preol\u00edmpico con triunfo en Armenia contra Per\u00fa (1-0), partido en el que salt\u00f3 al c\u00e9sped del estadio Centenario a los 72 minutos en sustituci\u00f3n de Pedrinho.<\/p>\n\n\n\n<p>La llegada de Reinier se une a la producida en a\u00f1os precedentes de otras j\u00f3venes promesas del f\u00fatbol brasile\u00f1o como Vinicius Jr. y Rodrygo Goes, que ya han tenido la oportunidad de jugar con el primer equipo del Real Madrid.<\/p>\n\n\n\n<p>Tras pasar por la cantera del Vasco da Gamae, Botafogo y el Fluminese, lleg\u00f3 a la del Flamengo en 2017, en cuyo primer equipo debut\u00f3 a finales de junio del pasado a\u00f1o en un encuentro de la Copa Libertadores contra el Emelec y se estren\u00f3 en el Brasileirao a principios de agosto contra el Bahia.<\/p>\n\n\n\n<figure class=\"wp-block-embed-twitter wp-block-embed is-type-rich is-provider-twitter\"><div class=\"wp-block-embed__wrapper\">\n<blockquote class=\"twitter-tweet\" data-width=\"550\" data-dnt=\"true\"><p lang=\"es\" dir=\"ltr\">Comunicado oficial: Reinier. <a href=\"https:\/\/twitter.com\/hashtag\/RealMadrid?src=hash&amp;ref_src=twsrc%5Etfw\">#RealMadrid<\/a><\/p>&mdash; Real Madrid C.F. (@realmadrid) <a href=\"https:\/\/twitter.com\/realmadrid\/status\/1219289228066140160?ref_src=twsrc%5Etfw\">January 20, 2020<\/a><\/blockquote><script async src=\"https:\/\/platform.twitter.com\/widgets.js\" charset=\"utf-8\"><\/script>\n<\/div><\/figure>\n\n\n\n<p>EFE\/Uni\u00f3n Radio<\/p>\n","protected":false},"excerpt":{"rendered":"<p>El Real Madrid ha hecho oficial este lunes a trav\u00e9s de un comunicado el fichaje del\u00a0joven brasile\u00f1o Reinier Jesus hasta junio de 2026, que se incorporar\u00e1 al filial, el Castilla, cuando termine el Preol\u00edmpico con su selecci\u00f3n. \u00abEl Real Madrid CF y el Clube de Regatas do Flamengo han acordado el traspaso de Reinier, que [&hellip;]<\/p>\n","protected":false},"author":2,"featured_media":158467,"comment_status":"closed","ping_status":"closed","sticky":false,"template":"","format":"standard","meta":{"footnotes":""},"categories":[4],"tags":[],"class_list":{"0":"post-158466","1":"post","2":"type-post","3":"status-publish","4":"format-standard","5":"has-post-thumbnail","7":"category-deportes"},"_links":{"self":[{"href":"https:\/\/elluchador.info\/index.php?rest_route=\/wp\/v2\/posts\/158466","targetHints":{"allow":["GET"]}}],"collection":[{"href":"https:\/\/elluchador.info\/index.php?rest_route=\/wp\/v2\/posts"}],"about":[{"href":"https:\/\/elluchador.info\/index.php?rest_route=\/wp\/v2\/types\/post"}],"author":[{"embeddable":true,"href":"https:\/\/elluchador.info\/index.php?rest_route=\/wp\/v2\/users\/2"}],"replies":[{"embeddable":true,"href":"https:\/\/elluchador.info\/index.php?rest_route=%2Fwp%2Fv2%2Fcomments&post=158466"}],"version-history":[{"count":1,"href":"https:\/\/elluchador.info\/index.php?rest_route=\/wp\/v2\/posts\/158466\/revisions"}],"predecessor-version":[{"id":158468,"href":"https:\/\/elluchador.info\/index.php?rest_route=\/wp\/v2\/posts\/158466\/revisions\/158468"}],"wp:featuredmedia":[{"embeddable":true,"href":"https:\/\/elluchador.info\/index.php?rest_route=\/wp\/v2\/media\/158467"}],"wp:attachment":[{"href":"https:\/\/elluchador.info\/index.php?rest_route=%2Fwp%2Fv2%2Fmedia&parent=158466"}],"wp:term":[{"taxonomy":"category","embeddable":true,"href":"https:\/\/elluchador.info\/index.php?rest_route=%2Fwp%2Fv2%2Fcategories&post=158466"},{"taxonomy":"post_tag","embeddable":true,"href":"https:\/\/elluchador.info\/index.php?rest_route=%2Fwp%2Fv2%2Ftags&post=158466"}],"curies":[{"name":"wp","href":"https:\/\/api.w.org\/{rel}","templated":true}]}}