{"id":158503,"date":"2020-01-21T06:05:49","date_gmt":"2020-01-21T10:05:49","guid":{"rendered":"https:\/\/elluchador.info\/web\/?p=158503"},"modified":"2020-01-20T14:16:54","modified_gmt":"2020-01-20T18:16:54","slug":"alcaldesa-yulisbeth-garcia-inauguro-taquilla-unica-de-registro-del-poder-popular","status":"publish","type":"post","link":"https:\/\/elluchador.info\/?p=158503","title":{"rendered":"Alcaldesa Yulisbeth Garc\u00eda inaugur\u00f3 Taquilla \u00danica de Registro del Poder Popular"},"content":{"rendered":"\n<p>La alcaldesa del municipio Piar, Yulisbeth Garc\u00eda, inaugur\u00f3 Taquilla \u00danica de Registro del Poder Popular, en la sede de la Alcald\u00eda de Piar,\u00a0 \u00a0en el importante acto la acompa\u00f1aron el Ingeniero Carlos Rodr\u00edguez, Director del Ministerio de Comunas en el estado Bol\u00edvar, Mary Gonz\u00e1lez, Directora Taquilla \u00danica Bol\u00edvar, Ingeniero Yober Tovar, Director Sistema Econ\u00f3mico Comunal Fondemi, Elsy Navarro, Director Safonacc Bol\u00edvar, V\u00edctor Coro, Director Nacional Fundacomunal y presidenta del Concejo Municipal, Ornella Arbel\u00e1ez. <\/p>\n\n\n\n<p>La actividad se inici\u00f3 con&nbsp; entonaci\u00f3n del Himno Nacional de la Rep\u00fablica\nBolivariana de Venezuela y PSUV, luego palabras de la alcaldesa Yulisbeth\nGarc\u00eda, &nbsp;quien manifest\u00f3, \u201choy estamos en\nla contrucci\u00f3n de lo que plante\u00f3 el Comandante Ch\u00e1vez, por esto, me caso con\nlas comunas y el Poder Popular, pues, el comandante y presidente Nicol\u00e1s\nMaduro, nos invita a que desde la alcald\u00eda bolivariana, debemos buscar un\nm\u00e9todo, a trav\u00e9s de una consulta popular, esto con el pueblo organizado y\nPSUV\u201d.<\/p>\n\n\n\n<p>&nbsp;Asimismo\ndijo, \u201cesta Taquilla agilizar\u00e1 la documentaci\u00f3n de registros, libros y actas\nconstitutivas, adem\u00e1s, de brindar orientaci\u00f3n a las vocer\u00edas a fin de grantizar\nla legalidad de los consejos comunales y las comunas\u201d.<\/p>\n\n\n\n<p>&nbsp;<strong>Segundo municipio<\/strong><\/p>\n\n\n\n<p>En este sentido, el director del Ministerio de las\nComunas expres\u00f3, \u201ces un orgullo ver como las comunas contuin\u00faan con el legado\nque dej\u00f3 Hugo Ch\u00e1vez Fr\u00edas, comenzando con la renovaci\u00f3n de Base del Poder\nPopular, y estar reflejado en cada uno de los territorios su organizaci\u00f3n, asimismo\nhay que reconocer el trabajo que ha venido haciendo la alcaldesa Yulisbeth\nGarc\u00eda, quien se ha preocupado por dar respuestas a los habitantes del\nmunicipio, es importante mencionar que este es el segundo municipio en\nconsolidar el 100 %,\nterritorio fijo nacional\u201d.<\/p>\n\n\n\n<p>Mientras que Zurimar Prieto, en representaci\u00f3n de\nlas comunas resalt\u00f3 que fueron renovados 57 consejos comunales y a la espera\n106, aunados a m\u00e1s de 300 que existen en la localidad, \u201choy nos sentimos\ncontentos porque inauguramos la Taquilla \u00danica, no s\u00f3lo del municipio, tambi\u00e9n al\nsur del estado Bol\u00edvar, por tanto, todos los consejos comunales de los\nmunicipios podr\u00e1n venir a registrarse\u201d.<\/p>\n\n\n\n<p>El evento finaliz\u00f3 con entrega de Kist de materiales\na la Comuna Francisco de Miranda y reconocimientos a&nbsp; l\u00edderes de los consejos comunales. <\/p>\n\n\n\n<p>Indira Zamora<\/p>\n","protected":false},"excerpt":{"rendered":"<p>La alcaldesa del municipio Piar, Yulisbeth Garc\u00eda, inaugur\u00f3 Taquilla \u00danica de Registro del Poder Popular, en la sede de la Alcald\u00eda de Piar,\u00a0 \u00a0en el importante acto la acompa\u00f1aron el Ingeniero Carlos Rodr\u00edguez, Director del Ministerio de Comunas en el estado Bol\u00edvar, Mary Gonz\u00e1lez, Directora Taquilla \u00danica Bol\u00edvar, Ingeniero Yober Tovar, Director Sistema Econ\u00f3mico Comunal [&hellip;]<\/p>\n","protected":false},"author":2,"featured_media":158510,"comment_status":"closed","ping_status":"closed","sticky":false,"template":"","format":"standard","meta":{"footnotes":""},"categories":[12],"tags":[],"class_list":{"0":"post-158503","1":"post","2":"type-post","3":"status-publish","4":"format-standard","5":"has-post-thumbnail","7":"category-regionales"},"_links":{"self":[{"href":"https:\/\/elluchador.info\/index.php?rest_route=\/wp\/v2\/posts\/158503","targetHints":{"allow":["GET"]}}],"collection":[{"href":"https:\/\/elluchador.info\/index.php?rest_route=\/wp\/v2\/posts"}],"about":[{"href":"https:\/\/elluchador.info\/index.php?rest_route=\/wp\/v2\/types\/post"}],"author":[{"embeddable":true,"href":"https:\/\/elluchador.info\/index.php?rest_route=\/wp\/v2\/users\/2"}],"replies":[{"embeddable":true,"href":"https:\/\/elluchador.info\/index.php?rest_route=%2Fwp%2Fv2%2Fcomments&post=158503"}],"version-history":[{"count":1,"href":"https:\/\/elluchador.info\/index.php?rest_route=\/wp\/v2\/posts\/158503\/revisions"}],"predecessor-version":[{"id":158511,"href":"https:\/\/elluchador.info\/index.php?rest_route=\/wp\/v2\/posts\/158503\/revisions\/158511"}],"wp:featuredmedia":[{"embeddable":true,"href":"https:\/\/elluchador.info\/index.php?rest_route=\/wp\/v2\/media\/158510"}],"wp:attachment":[{"href":"https:\/\/elluchador.info\/index.php?rest_route=%2Fwp%2Fv2%2Fmedia&parent=158503"}],"wp:term":[{"taxonomy":"category","embeddable":true,"href":"https:\/\/elluchador.info\/index.php?rest_route=%2Fwp%2Fv2%2Fcategories&post=158503"},{"taxonomy":"post_tag","embeddable":true,"href":"https:\/\/elluchador.info\/index.php?rest_route=%2Fwp%2Fv2%2Ftags&post=158503"}],"curies":[{"name":"wp","href":"https:\/\/api.w.org\/{rel}","templated":true}]}}