{"id":158526,"date":"2020-01-20T14:43:29","date_gmt":"2020-01-20T18:43:29","guid":{"rendered":"https:\/\/elluchador.info\/web\/?p=158526"},"modified":"2020-01-20T14:33:50","modified_gmt":"2020-01-20T18:33:50","slug":"dos-muertos-y-22-heridos-en-cuba-dejo-un-accidente-de-transito","status":"publish","type":"post","link":"https:\/\/elluchador.info\/?p=158526","title":{"rendered":"dos muertos y 22 heridos en Cuba dej\u00f3 un accidente de tr\u00e1nsito"},"content":{"rendered":"\n<p>Al menos dos personas perdioeron la vida y 22 resultaron heridas al volcarse un veh\u00edculo de transporte de pasajeros tras chocar con un cami\u00f3n en la provincia oriental de Santiago de Cuba, informan este lunes medios estatales.<\/p>\n\n\n\n<p>El accidente tuvo lugar en la noche del pasado s\u00e1bado en un tramo de la Carretera Central de Cuba entre las localidades de Dos Palmas y Yarayabo.<\/p>\n\n\n\n<p>Los heridos, ninguno de ellos con lesiones que representen peligro para la vida y entre los que figuran tres ni\u00f1os, fueron atendidos en el hospital provincial Saturnino Lora y el pedi\u00e1trico de Santiago de Cuba.<\/p>\n\n\n\n<p>Las autoridades investigan las causas del accidente, el tercero reportado por los medios estatales en Cuba desde principios del a\u00f1o 2020, despu\u00e9s de los anteriores que tuvieron lugar en la provincia de Camag\u00fcey (este).<\/p>\n\n\n\n<p>Los accidentes de tr\u00e1fico representan desde hace varios a\u00f1os la quinta causa de muerte en Cuba, donde se reporta uno cada 55 minutos, fallece una persona cada 15 horas y hay un lesionado cada hora y 15 minutos, de acuerdo con un reciente informe de la Direcci\u00f3n de Tr\u00e1nsito de la Polic\u00eda Nacional Revolucionaria (PNR).<\/p>\n\n\n\n<p>Uni\u00f3n radio <\/p>\n","protected":false},"excerpt":{"rendered":"<p>Al menos dos personas perdioeron la vida y 22 resultaron heridas al volcarse un veh\u00edculo de transporte de pasajeros tras chocar con un cami\u00f3n en la provincia oriental de Santiago de Cuba, informan este lunes medios estatales. El accidente tuvo lugar en la noche del pasado s\u00e1bado en un tramo de la Carretera Central de [&hellip;]<\/p>\n","protected":false},"author":2,"featured_media":158527,"comment_status":"closed","ping_status":"closed","sticky":false,"template":"","format":"standard","meta":{"footnotes":""},"categories":[8,13],"tags":[],"class_list":{"0":"post-158526","1":"post","2":"type-post","3":"status-publish","4":"format-standard","5":"has-post-thumbnail","7":"category-internacionales","8":"category-sucesos"},"_links":{"self":[{"href":"https:\/\/elluchador.info\/index.php?rest_route=\/wp\/v2\/posts\/158526","targetHints":{"allow":["GET"]}}],"collection":[{"href":"https:\/\/elluchador.info\/index.php?rest_route=\/wp\/v2\/posts"}],"about":[{"href":"https:\/\/elluchador.info\/index.php?rest_route=\/wp\/v2\/types\/post"}],"author":[{"embeddable":true,"href":"https:\/\/elluchador.info\/index.php?rest_route=\/wp\/v2\/users\/2"}],"replies":[{"embeddable":true,"href":"https:\/\/elluchador.info\/index.php?rest_route=%2Fwp%2Fv2%2Fcomments&post=158526"}],"version-history":[{"count":1,"href":"https:\/\/elluchador.info\/index.php?rest_route=\/wp\/v2\/posts\/158526\/revisions"}],"predecessor-version":[{"id":158528,"href":"https:\/\/elluchador.info\/index.php?rest_route=\/wp\/v2\/posts\/158526\/revisions\/158528"}],"wp:featuredmedia":[{"embeddable":true,"href":"https:\/\/elluchador.info\/index.php?rest_route=\/wp\/v2\/media\/158527"}],"wp:attachment":[{"href":"https:\/\/elluchador.info\/index.php?rest_route=%2Fwp%2Fv2%2Fmedia&parent=158526"}],"wp:term":[{"taxonomy":"category","embeddable":true,"href":"https:\/\/elluchador.info\/index.php?rest_route=%2Fwp%2Fv2%2Fcategories&post=158526"},{"taxonomy":"post_tag","embeddable":true,"href":"https:\/\/elluchador.info\/index.php?rest_route=%2Fwp%2Fv2%2Ftags&post=158526"}],"curies":[{"name":"wp","href":"https:\/\/api.w.org\/{rel}","templated":true}]}}